{"id":11397,"date":"2025-11-28T15:25:50","date_gmt":"2025-11-28T14:25:50","guid":{"rendered":"https:\/\/www.fondazioneunipolis.org\/site\/?p=11397"},"modified":"2025-12-29T15:28:11","modified_gmt":"2025-12-29T14:28:11","slug":"al-via-bella-storia-2","status":"publish","type":"post","link":"https:\/\/www.fondazioneunipolis.org\/site\/news\/al-via-bella-storia-2\/","title":{"rendered":"Al via la seconda edizione di Bella storia. La tua."},"content":{"rendered":"\n<p>Con i primi camp in <strong>Campania e Calabria<\/strong>, a novembre 2025 ha preso il via la seconda edizione di <em>Bella Storia. La tua<\/em>, il programma di empowerment promosso da <strong>Fondazione Unipolis<\/strong> e rivolto a 50 adolescenti che vivono in Calabria e Campania. Un percorso che mette al centro ascolto, fiducia e consapevolezza, offrendo tempo e spazio per fermarsi, guardarsi intorno \u2014 e dentro \u2014 e iniziare a immaginare nuove possibilit\u00e0. L\u2019avvio del programma \u00e8 stato un momento intenso e generativo: incontri, domande, energie che si muovono. Un inizio che non \u00e8 solo simbolico, ma che segna l\u2019apertura di un cammino fatto di relazioni, sperimentazione e crescita condivisa.<\/p>\n\n\n\n<p><strong>Allenare le competenze per la vita<\/strong><\/p>\n\n\n\n<p>Ci sono competenze che non si imparano sui banchi di scuola e che difficilmente si trasmettono con una lezione frontale. Sono le <strong>life skills<\/strong>, competenze trasversali fondamentali per orientarsi nella complessit\u00e0: consapevolezza di s\u00e9, capacit\u00e0 di ascolto, collaborazione, fiducia, espressione.<\/p>\n\n\n\n<p>All\u2019interno dei primi camp di <em><a href=\"https:\/\/www.fondazioneunipolis.org\/bellastoria\">Bella Storia. La tua<\/a><\/em>, queste competenze sono state allenate attraverso la metodologia <strong><a href=\"https:\/\/be.yourhero.it\/\">Be Your Hero Art &amp; Life Skills<\/a><\/strong>, ideata da <strong><a href=\"https:\/\/sineglossa.it\/\">Sineglossa<\/a><\/strong> e scelta anche per la seconda edizione del programma. Un processo creativo che utilizza il linguaggio artistico come strumento di esplorazione dell\u2019identit\u00e0 e di relazione con gli altri.<\/p>\n\n\n\n<p>Guidati dall\u2019artista e formatore <strong>Giacomo Giovannetti<\/strong>, 50 ragazze e ragazzi hanno intrapreso un percorso fatto di giochi, esercizi e strumenti analogici \u2014 carta, forbici, colla, acetato, ritagli di giornale \u2014 per esplorare la propria \u201cnon-identit\u00e0\u201d e, attraverso questa, scoprire risorse, talenti e superpoteri personali. Un lavoro delicato e potente, che mette al centro l\u2019esperienza, il fare insieme e la possibilit\u00e0 di rileggersi in modo nuovo.<\/p>\n\n\n\n<figure class=\"wp-block-image size-large is-resized\"><img loading=\"lazy\" width=\"1024\" height=\"683\" src=\"https:\/\/www.fondazioneunipolis.org\/site\/wp-content\/uploads\/2025\/12\/1-672-1024x683.jpg\" alt=\"\" class=\"wp-image-11401\" style=\"width:412px;height:auto\" srcset=\"https:\/\/www.fondazioneunipolis.org\/site\/wp-content\/uploads\/2025\/12\/1-672-1024x683.jpg 1024w, https:\/\/www.fondazioneunipolis.org\/site\/wp-content\/uploads\/2025\/12\/1-672-300x200.jpg 300w, https:\/\/www.fondazioneunipolis.org\/site\/wp-content\/uploads\/2025\/12\/1-672-768x512.jpg 768w, https:\/\/www.fondazioneunipolis.org\/site\/wp-content\/uploads\/2025\/12\/1-672-1536x1024.jpg 1536w, https:\/\/www.fondazioneunipolis.org\/site\/wp-content\/uploads\/2025\/12\/1-672-2048x1365.jpg 2048w\" sizes=\"auto, (max-width: 1024px) 100vw, 1024px\" \/><figcaption class=\"wp-element-caption\"><em>Scuola del Fare &#8211; Napoli, 22 e 23 novembre 2025<\/em><\/figcaption><\/figure>\n\n\n\n<p><strong>Al via il Community Engagement<\/strong><\/p>\n\n\n\n<p>Il <strong>Community Engagement<\/strong> \u00e8 una delle colonne portanti di <em>Bella Storia. La tua<\/em>: un percorso che accompagna le e i partecipanti lungo tutta la durata del programma, creando <strong>spazi continuativi di relazione, ascolto e crescita collettiva<\/strong>.<\/p>\n\n\n\n<p>Il percorso ha preso il via durante i <strong>camp autunnali di avvio progetto<\/strong>, che hanno rappresentato il primo momento di incontro, attivazione e costruzione del gruppo. A partire da qui, il community engagement si sviluppa come un <strong>cammino triennale<\/strong>, fatto di incontri periodici, laboratori di educazione non formale e momenti di confronto, pensati per rafforzare consapevolezza, fiducia e senso di appartenenza.<\/p>\n\n\n\n<p>In <strong>Campania<\/strong>, il percorso \u00e8 curato da <strong><a href=\"https:\/\/www.itinerariparalleli.org\/\" target=\"_blank\" rel=\"noreferrer noopener\">Itinerari Paralleli<\/a><\/strong> e coinvolge un gruppo di ragazze e ragazzi del territorio in un lavoro continuativo di accompagnamento, sperimentazione e crescita condivisa.<\/p>\n\n\n\n<p>In <strong>Calabria<\/strong>, il community engagement \u00e8 affidato a <strong><a href=\"https:\/\/www.kiwisite.it\/\" target=\"_blank\" rel=\"noreferrer noopener\">Kiwi<\/a><\/strong> e prende forma come un \u201citinerario\u201d che invita le e i partecipanti a interrogarsi sul proprio percorso personale e collettivo, a partire dalle parole, dalle esperienze e dai legami che attraversano i territori.<\/p>\n\n\n\n<p>In entrambe le regioni, il community engagement non \u00e8 un\u2019attivit\u00e0 accessoria, ma uno <strong>spazio strutturato di capacitazione<\/strong>, che consente al programma di radicarsi nei contesti locali e di accompagnare nel tempo l\u2019emersione di nuove possibilit\u00e0 individuali e collettive.<\/p>\n\n\n\n<figure class=\"wp-block-image size-large is-resized\"><img loading=\"lazy\" width=\"1024\" height=\"683\" src=\"https:\/\/www.fondazioneunipolis.org\/site\/wp-content\/uploads\/2025\/12\/1-743-1024x683.jpg\" alt=\"\" class=\"wp-image-11403\" style=\"width:437px;height:auto\" srcset=\"https:\/\/www.fondazioneunipolis.org\/site\/wp-content\/uploads\/2025\/12\/1-743-1024x683.jpg 1024w, https:\/\/www.fondazioneunipolis.org\/site\/wp-content\/uploads\/2025\/12\/1-743-300x200.jpg 300w, https:\/\/www.fondazioneunipolis.org\/site\/wp-content\/uploads\/2025\/12\/1-743-768x512.jpg 768w, https:\/\/www.fondazioneunipolis.org\/site\/wp-content\/uploads\/2025\/12\/1-743-1536x1024.jpg 1536w, https:\/\/www.fondazioneunipolis.org\/site\/wp-content\/uploads\/2025\/12\/1-743-2048x1365.jpg 2048w\" sizes=\"auto, (max-width: 1024px) 100vw, 1024px\" \/><figcaption class=\"wp-element-caption\"><em>Centro Polifunzionale &#8220;Padre Pino Puglisi&#8221;<\/em>, <em>Polistena (RC), 8 e 9 novembre 2025<\/em><\/figcaption><\/figure>\n\n\n\n<p>L\u2019avvio di <em>Bella Storia. La tua<\/em> non \u00e8 un punto di arrivo, ma l\u2019inizio di un percorso lungo e condiviso che ha visto la partecipazione anche dei mentor di <strong><a href=\"https:\/\/www.coopdedalus.it\/\">Dedalus Cooperativa sociale<\/a><\/strong> in Campania e <strong><a href=\"https:\/\/www.kyosei.it\/\">Kyosei Cooperativa sociale<\/a><\/strong> in Calabria, prendere parte alle attivit\u00e0 per entrare fin da subito in connessione con le e i partecipanti. Un viaggio che cresce nel tempo, grazie alle persone che lo attraversano, alle relazioni che si costruiscono e alla capacit\u00e0 di imparare strada facendo.<\/p>\n\n\n\n<p><em>Bella Storia. La tua<\/em> nasce e cresce grazie a una <strong>rete ampia e plurale<\/strong>, che condivide visione, responsabilit\u00e0 e desiderio di cambiamento. Un\u2019alleanza che accompagna il progetto nel tempo e ne rafforza l\u2019impatto, valorizzando competenze diverse e sguardi complementari.<\/p>\n\n\n\n<p><em>Bella storia. La tua &#8211; seconda edizione \u00e8 realizzata con il patrocinio di: Consiglio Nazionale dei Giovani, Sport e Salute S.p.A. Partner strategici: Alleanza Italiana per lo Sviluppo Sostenibile, Forum Disuguaglianze Diversit\u00e0, Percorsi di secondo welfare. Partner operativi: Junior Achievement Italia, Ashoka Italia, Dedalus Cooperativa Sociale, Itinerari Paralleli, Kiwi, Kyosei Cooperativa Sociale, Sineglossa.<\/em><\/p>\n\n\n\n<p><\/p>\n\n\n\n<p><\/p>\n","protected":false},"excerpt":{"rendered":"<p>Con i primi camp in Campania e Calabria, a novembre 2025 ha preso il via la seconda edizione di Bella Storia. La tua, il programma di empowerment promosso da Fondazione Unipolis e rivolto a 50 adolescenti che vivono in Calabria e Campania. Un percorso che mette al centro ascolto, fiducia e consapevolezza, offrendo tempo e [&hellip;]<\/p>\n","protected":false},"author":5,"featured_media":11412,"comment_status":"open","ping_status":"open","sticky":false,"template":"","format":"standard","meta":{"_acf_changed":false,"footnotes":""},"categories":[6],"tags":[640],"class_list":["post-11397","post","type-post","status-publish","format-standard","has-post-thumbnail","hentry","category-disuguaglianze","tag-bellastoria"],"acf":[],"yoast_head":"<!-- This site is optimized with the Yoast SEO plugin v26.1.1 - https:\/\/yoast.com\/wordpress\/plugins\/seo\/ -->\n<title>Al via la seconda edizione di Bella storia. La tua. - Unipolis<\/title>\n<meta name=\"robots\" content=\"index, follow, max-snippet:-1, max-image-preview:large, max-video-preview:-1\" \/>\n<link rel=\"canonical\" href=\"https:\/\/www.fondazioneunipolis.org\/site\/al-via-bella-storia-2\/\" \/>\n<meta property=\"og:locale\" content=\"it_IT\" \/>\n<meta property=\"og:type\" content=\"article\" \/>\n<meta property=\"og:title\" content=\"Al via la seconda edizione di Bella storia. La tua. - Unipolis\" \/>\n<meta property=\"og:description\" content=\"Con i primi camp in Campania e Calabria, a novembre 2025 ha preso il via la seconda edizione di Bella Storia. La tua, il programma di empowerment promosso da Fondazione Unipolis e rivolto a 50 adolescenti che vivono in Calabria e Campania. Un percorso che mette al centro ascolto, fiducia e consapevolezza, offrendo tempo e [&hellip;]\" \/>\n<meta property=\"og:url\" content=\"https:\/\/dx-factory-unipolis-corporate-wp.ha.servizi.gr-u.it\/site\/al-via-bella-storia-2\/\" \/>\n<meta property=\"og:site_name\" content=\"Unipolis\" \/>\n<meta property=\"article:published_time\" content=\"2025-11-28T14:25:50+00:00\" \/>\n<meta property=\"article:modified_time\" content=\"2025-12-29T14:28:11+00:00\" \/>\n<meta property=\"og:image\" content=\"https:\/\/dx-factory-unipolis-corporate-wp.ha.servizi.gr-u.it\/site\/wp-content\/uploads\/2025\/12\/Unipolis-in-numeri-2024-2.png\" \/>\n\t<meta property=\"og:image:width\" content=\"1440\" \/>\n\t<meta property=\"og:image:height\" content=\"900\" \/>\n\t<meta property=\"og:image:type\" content=\"image\/png\" \/>\n<meta name=\"author\" content=\"Elisa Paluan\" \/>\n<meta name=\"twitter:card\" content=\"summary_large_image\" \/>\n<meta name=\"twitter:label1\" content=\"Written by\" \/>\n\t<meta name=\"twitter:data1\" content=\"Elisa Paluan\" \/>\n\t<meta name=\"twitter:label2\" content=\"Est. reading time\" \/>\n\t<meta name=\"twitter:data2\" content=\"5 minutes\" \/>\n<script type=\"application\/ld+json\" class=\"yoast-schema-graph\">{\"@context\":\"https:\/\/schema.org\",\"@graph\":[{\"@type\":\"Article\",\"@id\":\"https:\/\/dx-factory-unipolis-corporate-wp.ha.servizi.gr-u.it\/site\/al-via-bella-storia-2\/#article\",\"isPartOf\":{\"@id\":\"https:\/\/dx-factory-unipolis-corporate-wp.ha.servizi.gr-u.it\/site\/al-via-bella-storia-2\/\"},\"author\":{\"name\":\"Elisa Paluan\",\"@id\":\"https:\/\/www.fondazioneunipolis.org\/site\/#\/schema\/person\/fcced96d0e68417823bc1a4c4756e89d\"},\"headline\":\"Al via la seconda edizione di Bella storia. La tua.\",\"datePublished\":\"2025-11-28T14:25:50+00:00\",\"dateModified\":\"2025-12-29T14:28:11+00:00\",\"mainEntityOfPage\":{\"@id\":\"https:\/\/dx-factory-unipolis-corporate-wp.ha.servizi.gr-u.it\/site\/al-via-bella-storia-2\/\"},\"wordCount\":681,\"commentCount\":0,\"publisher\":{\"@id\":\"https:\/\/www.fondazioneunipolis.org\/site\/#organization\"},\"image\":{\"@id\":\"https:\/\/dx-factory-unipolis-corporate-wp.ha.servizi.gr-u.it\/site\/al-via-bella-storia-2\/#primaryimage\"},\"thumbnailUrl\":\"https:\/\/www.fondazioneunipolis.org\/site\/wp-content\/uploads\/2025\/12\/Unipolis-in-numeri-2024-2.png\",\"keywords\":[\"bellastoria\"],\"articleSection\":[\"Disuguaglianze\"],\"inLanguage\":\"it-IT\",\"potentialAction\":[{\"@type\":\"CommentAction\",\"name\":\"Comment\",\"target\":[\"https:\/\/dx-factory-unipolis-corporate-wp.ha.servizi.gr-u.it\/site\/al-via-bella-storia-2\/#respond\"]}]},{\"@type\":\"WebPage\",\"@id\":\"https:\/\/dx-factory-unipolis-corporate-wp.ha.servizi.gr-u.it\/site\/al-via-bella-storia-2\/\",\"url\":\"https:\/\/dx-factory-unipolis-corporate-wp.ha.servizi.gr-u.it\/site\/al-via-bella-storia-2\/\",\"name\":\"Al via la seconda edizione di Bella storia. La tua. - Unipolis\",\"isPartOf\":{\"@id\":\"https:\/\/www.fondazioneunipolis.org\/site\/#website\"},\"primaryImageOfPage\":{\"@id\":\"https:\/\/dx-factory-unipolis-corporate-wp.ha.servizi.gr-u.it\/site\/al-via-bella-storia-2\/#primaryimage\"},\"image\":{\"@id\":\"https:\/\/dx-factory-unipolis-corporate-wp.ha.servizi.gr-u.it\/site\/al-via-bella-storia-2\/#primaryimage\"},\"thumbnailUrl\":\"https:\/\/www.fondazioneunipolis.org\/site\/wp-content\/uploads\/2025\/12\/Unipolis-in-numeri-2024-2.png\",\"datePublished\":\"2025-11-28T14:25:50+00:00\",\"dateModified\":\"2025-12-29T14:28:11+00:00\",\"breadcrumb\":{\"@id\":\"https:\/\/dx-factory-unipolis-corporate-wp.ha.servizi.gr-u.it\/site\/al-via-bella-storia-2\/#breadcrumb\"},\"inLanguage\":\"it-IT\",\"potentialAction\":[{\"@type\":\"ReadAction\",\"target\":[\"https:\/\/dx-factory-unipolis-corporate-wp.ha.servizi.gr-u.it\/site\/al-via-bella-storia-2\/\"]}]},{\"@type\":\"ImageObject\",\"inLanguage\":\"it-IT\",\"@id\":\"https:\/\/dx-factory-unipolis-corporate-wp.ha.servizi.gr-u.it\/site\/al-via-bella-storia-2\/#primaryimage\",\"url\":\"https:\/\/www.fondazioneunipolis.org\/site\/wp-content\/uploads\/2025\/12\/Unipolis-in-numeri-2024-2.png\",\"contentUrl\":\"https:\/\/www.fondazioneunipolis.org\/site\/wp-content\/uploads\/2025\/12\/Unipolis-in-numeri-2024-2.png\",\"width\":1440,\"height\":900},{\"@type\":\"BreadcrumbList\",\"@id\":\"https:\/\/dx-factory-unipolis-corporate-wp.ha.servizi.gr-u.it\/site\/al-via-bella-storia-2\/#breadcrumb\",\"itemListElement\":[{\"@type\":\"ListItem\",\"position\":1,\"name\":\"Home\",\"item\":\"https:\/\/www.fondazioneunipolis.org\/site\/\"},{\"@type\":\"ListItem\",\"position\":2,\"name\":\"Al via la seconda edizione di Bella storia. La tua.\"}]},{\"@type\":\"WebSite\",\"@id\":\"https:\/\/www.fondazioneunipolis.org\/site\/#website\",\"url\":\"https:\/\/www.fondazioneunipolis.org\/site\/\",\"name\":\"Unipolis\",\"description\":\"\",\"publisher\":{\"@id\":\"https:\/\/www.fondazioneunipolis.org\/site\/#organization\"},\"potentialAction\":[{\"@type\":\"SearchAction\",\"target\":{\"@type\":\"EntryPoint\",\"urlTemplate\":\"https:\/\/www.fondazioneunipolis.org\/site\/?s={search_term_string}\"},\"query-input\":{\"@type\":\"PropertyValueSpecification\",\"valueRequired\":true,\"valueName\":\"search_term_string\"}}],\"inLanguage\":\"it-IT\"},{\"@type\":\"Organization\",\"@id\":\"https:\/\/www.fondazioneunipolis.org\/site\/#organization\",\"name\":\"Unipolis\",\"url\":\"https:\/\/www.fondazioneunipolis.org\/site\/\",\"logo\":{\"@type\":\"ImageObject\",\"inLanguage\":\"it-IT\",\"@id\":\"https:\/\/www.fondazioneunipolis.org\/site\/#\/schema\/logo\/image\/\",\"url\":\"https:\/\/www.fondazioneunipolis.org\/site\/wp-content\/uploads\/2025\/07\/logo-fondazione-unipolis-1.svg\",\"contentUrl\":\"https:\/\/www.fondazioneunipolis.org\/site\/wp-content\/uploads\/2025\/07\/logo-fondazione-unipolis-1.svg\",\"caption\":\"Unipolis\"},\"image\":{\"@id\":\"https:\/\/www.fondazioneunipolis.org\/site\/#\/schema\/logo\/image\/\"}},{\"@type\":\"Person\",\"@id\":\"https:\/\/www.fondazioneunipolis.org\/site\/#\/schema\/person\/fcced96d0e68417823bc1a4c4756e89d\",\"name\":\"Elisa Paluan\",\"image\":{\"@type\":\"ImageObject\",\"inLanguage\":\"it-IT\",\"@id\":\"https:\/\/www.fondazioneunipolis.org\/site\/#\/schema\/person\/image\/\",\"url\":\"https:\/\/secure.gravatar.com\/avatar\/9808ad99bfcf6869670f37ed3dceaa27f2abfcb4dc6b9232760c9d28f353bd9a?s=96&d=mm&r=g\",\"contentUrl\":\"https:\/\/secure.gravatar.com\/avatar\/9808ad99bfcf6869670f37ed3dceaa27f2abfcb4dc6b9232760c9d28f353bd9a?s=96&d=mm&r=g\",\"caption\":\"Elisa Paluan\"},\"url\":\"https:\/\/www.fondazioneunipolis.org\/site\/author\/elisa-paluan\/\"}]}<\/script>\n<!-- \/ Yoast SEO plugin. -->","yoast_head_json":{"title":"Al via la seconda edizione di Bella storia. La tua. - Unipolis","robots":{"index":"index","follow":"follow","max-snippet":"max-snippet:-1","max-image-preview":"max-image-preview:large","max-video-preview":"max-video-preview:-1"},"canonical":"https:\/\/www.fondazioneunipolis.org\/site\/al-via-bella-storia-2\/","og_locale":"it_IT","og_type":"article","og_title":"Al via la seconda edizione di Bella storia. La tua. - Unipolis","og_description":"Con i primi camp in Campania e Calabria, a novembre 2025 ha preso il via la seconda edizione di Bella Storia. La tua, il programma di empowerment promosso da Fondazione Unipolis e rivolto a 50 adolescenti che vivono in Calabria e Campania. Un percorso che mette al centro ascolto, fiducia e consapevolezza, offrendo tempo e [&hellip;]","og_url":"https:\/\/dx-factory-unipolis-corporate-wp.ha.servizi.gr-u.it\/site\/al-via-bella-storia-2\/","og_site_name":"Unipolis","article_published_time":"2025-11-28T14:25:50+00:00","article_modified_time":"2025-12-29T14:28:11+00:00","og_image":[{"width":1440,"height":900,"url":"https:\/\/dx-factory-unipolis-corporate-wp.ha.servizi.gr-u.it\/site\/wp-content\/uploads\/2025\/12\/Unipolis-in-numeri-2024-2.png","type":"image\/png"}],"author":"Elisa Paluan","twitter_card":"summary_large_image","twitter_misc":{"Written by":"Elisa Paluan","Est. reading time":"5 minutes"},"schema":{"@context":"https:\/\/schema.org","@graph":[{"@type":"Article","@id":"https:\/\/dx-factory-unipolis-corporate-wp.ha.servizi.gr-u.it\/site\/al-via-bella-storia-2\/#article","isPartOf":{"@id":"https:\/\/dx-factory-unipolis-corporate-wp.ha.servizi.gr-u.it\/site\/al-via-bella-storia-2\/"},"author":{"name":"Elisa Paluan","@id":"https:\/\/www.fondazioneunipolis.org\/site\/#\/schema\/person\/fcced96d0e68417823bc1a4c4756e89d"},"headline":"Al via la seconda edizione di Bella storia. La tua.","datePublished":"2025-11-28T14:25:50+00:00","dateModified":"2025-12-29T14:28:11+00:00","mainEntityOfPage":{"@id":"https:\/\/dx-factory-unipolis-corporate-wp.ha.servizi.gr-u.it\/site\/al-via-bella-storia-2\/"},"wordCount":681,"commentCount":0,"publisher":{"@id":"https:\/\/www.fondazioneunipolis.org\/site\/#organization"},"image":{"@id":"https:\/\/dx-factory-unipolis-corporate-wp.ha.servizi.gr-u.it\/site\/al-via-bella-storia-2\/#primaryimage"},"thumbnailUrl":"https:\/\/www.fondazioneunipolis.org\/site\/wp-content\/uploads\/2025\/12\/Unipolis-in-numeri-2024-2.png","keywords":["bellastoria"],"articleSection":["Disuguaglianze"],"inLanguage":"it-IT","potentialAction":[{"@type":"CommentAction","name":"Comment","target":["https:\/\/dx-factory-unipolis-corporate-wp.ha.servizi.gr-u.it\/site\/al-via-bella-storia-2\/#respond"]}]},{"@type":"WebPage","@id":"https:\/\/dx-factory-unipolis-corporate-wp.ha.servizi.gr-u.it\/site\/al-via-bella-storia-2\/","url":"https:\/\/dx-factory-unipolis-corporate-wp.ha.servizi.gr-u.it\/site\/al-via-bella-storia-2\/","name":"Al via la seconda edizione di Bella storia. La tua. - Unipolis","isPartOf":{"@id":"https:\/\/www.fondazioneunipolis.org\/site\/#website"},"primaryImageOfPage":{"@id":"https:\/\/dx-factory-unipolis-corporate-wp.ha.servizi.gr-u.it\/site\/al-via-bella-storia-2\/#primaryimage"},"image":{"@id":"https:\/\/dx-factory-unipolis-corporate-wp.ha.servizi.gr-u.it\/site\/al-via-bella-storia-2\/#primaryimage"},"thumbnailUrl":"https:\/\/www.fondazioneunipolis.org\/site\/wp-content\/uploads\/2025\/12\/Unipolis-in-numeri-2024-2.png","datePublished":"2025-11-28T14:25:50+00:00","dateModified":"2025-12-29T14:28:11+00:00","breadcrumb":{"@id":"https:\/\/dx-factory-unipolis-corporate-wp.ha.servizi.gr-u.it\/site\/al-via-bella-storia-2\/#breadcrumb"},"inLanguage":"it-IT","potentialAction":[{"@type":"ReadAction","target":["https:\/\/dx-factory-unipolis-corporate-wp.ha.servizi.gr-u.it\/site\/al-via-bella-storia-2\/"]}]},{"@type":"ImageObject","inLanguage":"it-IT","@id":"https:\/\/dx-factory-unipolis-corporate-wp.ha.servizi.gr-u.it\/site\/al-via-bella-storia-2\/#primaryimage","url":"https:\/\/www.fondazioneunipolis.org\/site\/wp-content\/uploads\/2025\/12\/Unipolis-in-numeri-2024-2.png","contentUrl":"https:\/\/www.fondazioneunipolis.org\/site\/wp-content\/uploads\/2025\/12\/Unipolis-in-numeri-2024-2.png","width":1440,"height":900},{"@type":"BreadcrumbList","@id":"https:\/\/dx-factory-unipolis-corporate-wp.ha.servizi.gr-u.it\/site\/al-via-bella-storia-2\/#breadcrumb","itemListElement":[{"@type":"ListItem","position":1,"name":"Home","item":"https:\/\/www.fondazioneunipolis.org\/site\/"},{"@type":"ListItem","position":2,"name":"Al via la seconda edizione di Bella storia. La tua."}]},{"@type":"WebSite","@id":"https:\/\/www.fondazioneunipolis.org\/site\/#website","url":"https:\/\/www.fondazioneunipolis.org\/site\/","name":"Unipolis","description":"","publisher":{"@id":"https:\/\/www.fondazioneunipolis.org\/site\/#organization"},"potentialAction":[{"@type":"SearchAction","target":{"@type":"EntryPoint","urlTemplate":"https:\/\/www.fondazioneunipolis.org\/site\/?s={search_term_string}"},"query-input":{"@type":"PropertyValueSpecification","valueRequired":true,"valueName":"search_term_string"}}],"inLanguage":"it-IT"},{"@type":"Organization","@id":"https:\/\/www.fondazioneunipolis.org\/site\/#organization","name":"Unipolis","url":"https:\/\/www.fondazioneunipolis.org\/site\/","logo":{"@type":"ImageObject","inLanguage":"it-IT","@id":"https:\/\/www.fondazioneunipolis.org\/site\/#\/schema\/logo\/image\/","url":"https:\/\/www.fondazioneunipolis.org\/site\/wp-content\/uploads\/2025\/07\/logo-fondazione-unipolis-1.svg","contentUrl":"https:\/\/www.fondazioneunipolis.org\/site\/wp-content\/uploads\/2025\/07\/logo-fondazione-unipolis-1.svg","caption":"Unipolis"},"image":{"@id":"https:\/\/www.fondazioneunipolis.org\/site\/#\/schema\/logo\/image\/"}},{"@type":"Person","@id":"https:\/\/www.fondazioneunipolis.org\/site\/#\/schema\/person\/fcced96d0e68417823bc1a4c4756e89d","name":"Elisa Paluan","image":{"@type":"ImageObject","inLanguage":"it-IT","@id":"https:\/\/www.fondazioneunipolis.org\/site\/#\/schema\/person\/image\/","url":"https:\/\/secure.gravatar.com\/avatar\/9808ad99bfcf6869670f37ed3dceaa27f2abfcb4dc6b9232760c9d28f353bd9a?s=96&d=mm&r=g","contentUrl":"https:\/\/secure.gravatar.com\/avatar\/9808ad99bfcf6869670f37ed3dceaa27f2abfcb4dc6b9232760c9d28f353bd9a?s=96&d=mm&r=g","caption":"Elisa Paluan"},"url":"https:\/\/www.fondazioneunipolis.org\/site\/author\/elisa-paluan\/"}]}},"_links":{"self":[{"href":"https:\/\/www.fondazioneunipolis.org\/site\/wp-json\/wp\/v2\/posts\/11397","targetHints":{"allow":["GET"]}}],"collection":[{"href":"https:\/\/www.fondazioneunipolis.org\/site\/wp-json\/wp\/v2\/posts"}],"about":[{"href":"https:\/\/www.fondazioneunipolis.org\/site\/wp-json\/wp\/v2\/types\/post"}],"author":[{"embeddable":true,"href":"https:\/\/www.fondazioneunipolis.org\/site\/wp-json\/wp\/v2\/users\/5"}],"replies":[{"embeddable":true,"href":"https:\/\/www.fondazioneunipolis.org\/site\/wp-json\/wp\/v2\/comments?post=11397"}],"version-history":[{"count":3,"href":"https:\/\/www.fondazioneunipolis.org\/site\/wp-json\/wp\/v2\/posts\/11397\/revisions"}],"predecessor-version":[{"id":11416,"href":"https:\/\/www.fondazioneunipolis.org\/site\/wp-json\/wp\/v2\/posts\/11397\/revisions\/11416"}],"wp:featuredmedia":[{"embeddable":true,"href":"https:\/\/www.fondazioneunipolis.org\/site\/wp-json\/wp\/v2\/media\/11412"}],"wp:attachment":[{"href":"https:\/\/www.fondazioneunipolis.org\/site\/wp-json\/wp\/v2\/media?parent=11397"}],"wp:term":[{"taxonomy":"category","embeddable":true,"href":"https:\/\/www.fondazioneunipolis.org\/site\/wp-json\/wp\/v2\/categories?post=11397"},{"taxonomy":"post_tag","embeddable":true,"href":"https:\/\/www.fondazioneunipolis.org\/site\/wp-json\/wp\/v2\/tags?post=11397"}],"curies":[{"name":"wp","href":"https:\/\/api.w.org\/{rel}","templated":true}]}}