{"id":11314,"date":"2025-10-02T12:18:00","date_gmt":"2025-10-02T10:18:00","guid":{"rendered":"https:\/\/www.fondazioneunipolis.org\/site\/?p=11314"},"modified":"2025-12-29T12:24:14","modified_gmt":"2025-12-29T11:24:14","slug":"la-bella-storia-di-chiara","status":"publish","type":"post","link":"https:\/\/www.fondazioneunipolis.org\/site\/news\/la-bella-storia-di-chiara\/","title":{"rendered":"La Bella storia di Chiara"},"content":{"rendered":"\n<p><em>\u201cCon Bella storia ho scoperto che credere in me stessa non significa farcela da sola, ma crescere insieme agli altri.&#8221;&nbsp;on queste parole Chiara Timpani, 18 anni, racconta il suo percorso all&#8217;interno di&nbsp;Bella storia. La tua, il percorso di crescita triennale ideato da Fondazione Unipolis per rendere giovani provenienti da Calabria e Campania \u201cpi\u00f9 consapevoli, pi\u00f9 proattivi, pi\u00f9 abili.&#8221;<\/em><\/p>\n\n\n\n<p>Chiara ha 18&nbsp;anni e viene da Rosarno in provincia di Reggio Calabria. La sua grande passione \u00e8 la musica: suona il violoncello fin da bambina, ma con<em><strong>&nbsp;Bella storia. La tua<\/strong><\/em>&nbsp;oltre a sostenere grazie al contributo economico l&#8217;acquisto dello strumento, ha anche capito che dentro di s\u00e9 ci sono anche altre passioni e talenti da coltivare.<\/p>\n\n\n\n<p>Nel percorso ha trovato anche legami preziosi: l&#8217;amicizia con Teresa, nata durante i camp, \u00e8 diventata un punto di riferimento importante, fatta di&nbsp;<strong>sostegno reciproco e complicit\u00e0.<\/strong>&nbsp;E poi c&#8217;\u00e8 stato il&nbsp;<strong>mentoring<\/strong>, che le ha permesso di confrontarsi con un adulto di fiducia, pronto ad ascoltarla e ad aiutarla a immaginare il futuro con pi\u00f9 chiarezza.<\/p>\n\n\n\n<p>Bella storia \u00e8 proprio questo: un percorso triennale di empowerment che unisce contributi economici, mentoring, laboratori e camp di formazione per aiutare ragazze e ragazzi a crescere, rafforzare le proprie competenze e diventare protagonisti del cambiamento.\u200b<\/p>\n\n\n\n<iframe loading=\"lazy\" width=\"560\" height=\"315\" src=\"https:\/\/www.youtube.com\/embed\/ykCAoeD1Emg?si=dFTbGzQzY64---Fz\" title=\"YouTube video player\" frameborder=\"0\" allow=\"accelerometer; autoplay; clipboard-write; encrypted-media; gyroscope; picture-in-picture; web-share\" referrerpolicy=\"strict-origin-when-cross-origin\" allowfullscreen><\/iframe>\n","protected":false},"excerpt":{"rendered":"<p>\u201cCon Bella storia ho scoperto che credere in me stessa non significa farcela da sola, ma crescere insieme agli altri.&#8221;&nbsp;on queste parole Chiara Timpani, 18 anni, racconta il suo percorso all&#8217;interno di&nbsp;Bella storia. La tua, il percorso di crescita triennale ideato da Fondazione Unipolis per rendere giovani provenienti da Calabria e Campania \u201cpi\u00f9 consapevoli, pi\u00f9 [&hellip;]<\/p>\n","protected":false},"author":5,"featured_media":11316,"comment_status":"open","ping_status":"open","sticky":false,"template":"","format":"standard","meta":{"_acf_changed":false,"footnotes":""},"categories":[6],"tags":[640],"class_list":["post-11314","post","type-post","status-publish","format-standard","has-post-thumbnail","hentry","category-disuguaglianze","tag-bellastoria"],"acf":[],"yoast_head":"<!-- This site is optimized with the Yoast SEO plugin v26.1.1 - https:\/\/yoast.com\/wordpress\/plugins\/seo\/ -->\n<title>La Bella storia di Chiara - Unipolis<\/title>\n<meta name=\"description\" content=\"Chiara ha 18 anni e viene da Rosarno in provincia di Reggio Calabria. La sua grande passione \u00e8 la musica: suona il violoncello fin da bambina, ma con Bella storia. La tua ha capito che dentro di s\u00e9 ci sono anche altre passioni e talenti da coltivare.\" \/>\n<meta name=\"robots\" content=\"index, follow, max-snippet:-1, max-image-preview:large, max-video-preview:-1\" \/>\n<link rel=\"canonical\" href=\"https:\/\/www.fondazioneunipolis.org\/site\/la-bella-storia-di-chiara\/\" \/>\n<meta property=\"og:locale\" content=\"it_IT\" \/>\n<meta property=\"og:type\" content=\"article\" \/>\n<meta property=\"og:title\" content=\"La Bella storia di Chiara - Unipolis\" \/>\n<meta property=\"og:description\" content=\"Chiara ha 18 anni e viene da Rosarno in provincia di Reggio Calabria. La sua grande passione \u00e8 la musica: suona il violoncello fin da bambina, ma con Bella storia. La tua ha capito che dentro di s\u00e9 ci sono anche altre passioni e talenti da coltivare.\" \/>\n<meta property=\"og:url\" content=\"https:\/\/dx-factory-unipolis-corporate-wp.ha.servizi.gr-u.it\/site\/la-bella-storia-di-chiara\/\" \/>\n<meta property=\"og:site_name\" content=\"Unipolis\" \/>\n<meta property=\"article:published_time\" content=\"2025-10-02T10:18:00+00:00\" \/>\n<meta property=\"article:modified_time\" content=\"2025-12-29T11:24:14+00:00\" \/>\n<meta property=\"og:image\" content=\"https:\/\/dx-factory-unipolis-corporate-wp.ha.servizi.gr-u.it\/site\/wp-content\/uploads\/2025\/12\/Chiara_BS1.png\" \/>\n\t<meta property=\"og:image:width\" content=\"1440\" \/>\n\t<meta property=\"og:image:height\" content=\"900\" \/>\n\t<meta property=\"og:image:type\" content=\"image\/png\" \/>\n<meta name=\"author\" content=\"Elisa Paluan\" \/>\n<meta name=\"twitter:card\" content=\"summary_large_image\" \/>\n<meta name=\"twitter:label1\" content=\"Written by\" \/>\n\t<meta name=\"twitter:data1\" content=\"Elisa Paluan\" \/>\n\t<meta name=\"twitter:label2\" content=\"Est. reading time\" \/>\n\t<meta name=\"twitter:data2\" content=\"2 minutes\" \/>\n<script type=\"application\/ld+json\" class=\"yoast-schema-graph\">{\"@context\":\"https:\/\/schema.org\",\"@graph\":[{\"@type\":\"Article\",\"@id\":\"https:\/\/dx-factory-unipolis-corporate-wp.ha.servizi.gr-u.it\/site\/la-bella-storia-di-chiara\/#article\",\"isPartOf\":{\"@id\":\"https:\/\/dx-factory-unipolis-corporate-wp.ha.servizi.gr-u.it\/site\/la-bella-storia-di-chiara\/\"},\"author\":{\"name\":\"Elisa Paluan\",\"@id\":\"https:\/\/www.fondazioneunipolis.org\/site\/#\/schema\/person\/fcced96d0e68417823bc1a4c4756e89d\"},\"headline\":\"La Bella storia di Chiara\",\"datePublished\":\"2025-10-02T10:18:00+00:00\",\"dateModified\":\"2025-12-29T11:24:14+00:00\",\"mainEntityOfPage\":{\"@id\":\"https:\/\/dx-factory-unipolis-corporate-wp.ha.servizi.gr-u.it\/site\/la-bella-storia-di-chiara\/\"},\"wordCount\":222,\"commentCount\":0,\"publisher\":{\"@id\":\"https:\/\/www.fondazioneunipolis.org\/site\/#organization\"},\"image\":{\"@id\":\"https:\/\/dx-factory-unipolis-corporate-wp.ha.servizi.gr-u.it\/site\/la-bella-storia-di-chiara\/#primaryimage\"},\"thumbnailUrl\":\"https:\/\/www.fondazioneunipolis.org\/site\/wp-content\/uploads\/2025\/12\/Chiara_BS1.png\",\"keywords\":[\"bellastoria\"],\"articleSection\":[\"Disuguaglianze\"],\"inLanguage\":\"it-IT\",\"potentialAction\":[{\"@type\":\"CommentAction\",\"name\":\"Comment\",\"target\":[\"https:\/\/dx-factory-unipolis-corporate-wp.ha.servizi.gr-u.it\/site\/la-bella-storia-di-chiara\/#respond\"]}]},{\"@type\":\"WebPage\",\"@id\":\"https:\/\/dx-factory-unipolis-corporate-wp.ha.servizi.gr-u.it\/site\/la-bella-storia-di-chiara\/\",\"url\":\"https:\/\/dx-factory-unipolis-corporate-wp.ha.servizi.gr-u.it\/site\/la-bella-storia-di-chiara\/\",\"name\":\"La Bella storia di Chiara - Unipolis\",\"isPartOf\":{\"@id\":\"https:\/\/www.fondazioneunipolis.org\/site\/#website\"},\"primaryImageOfPage\":{\"@id\":\"https:\/\/dx-factory-unipolis-corporate-wp.ha.servizi.gr-u.it\/site\/la-bella-storia-di-chiara\/#primaryimage\"},\"image\":{\"@id\":\"https:\/\/dx-factory-unipolis-corporate-wp.ha.servizi.gr-u.it\/site\/la-bella-storia-di-chiara\/#primaryimage\"},\"thumbnailUrl\":\"https:\/\/www.fondazioneunipolis.org\/site\/wp-content\/uploads\/2025\/12\/Chiara_BS1.png\",\"datePublished\":\"2025-10-02T10:18:00+00:00\",\"dateModified\":\"2025-12-29T11:24:14+00:00\",\"description\":\"Chiara ha 18 anni e viene da Rosarno in provincia di Reggio Calabria. La sua grande passione \u00e8 la musica: suona il violoncello fin da bambina, ma con Bella storia. La tua ha capito che dentro di s\u00e9 ci sono anche altre passioni e talenti da coltivare.\",\"breadcrumb\":{\"@id\":\"https:\/\/dx-factory-unipolis-corporate-wp.ha.servizi.gr-u.it\/site\/la-bella-storia-di-chiara\/#breadcrumb\"},\"inLanguage\":\"it-IT\",\"potentialAction\":[{\"@type\":\"ReadAction\",\"target\":[\"https:\/\/dx-factory-unipolis-corporate-wp.ha.servizi.gr-u.it\/site\/la-bella-storia-di-chiara\/\"]}]},{\"@type\":\"ImageObject\",\"inLanguage\":\"it-IT\",\"@id\":\"https:\/\/dx-factory-unipolis-corporate-wp.ha.servizi.gr-u.it\/site\/la-bella-storia-di-chiara\/#primaryimage\",\"url\":\"https:\/\/www.fondazioneunipolis.org\/site\/wp-content\/uploads\/2025\/12\/Chiara_BS1.png\",\"contentUrl\":\"https:\/\/www.fondazioneunipolis.org\/site\/wp-content\/uploads\/2025\/12\/Chiara_BS1.png\",\"width\":1440,\"height\":900},{\"@type\":\"BreadcrumbList\",\"@id\":\"https:\/\/dx-factory-unipolis-corporate-wp.ha.servizi.gr-u.it\/site\/la-bella-storia-di-chiara\/#breadcrumb\",\"itemListElement\":[{\"@type\":\"ListItem\",\"position\":1,\"name\":\"Home\",\"item\":\"https:\/\/www.fondazioneunipolis.org\/site\/\"},{\"@type\":\"ListItem\",\"position\":2,\"name\":\"La Bella storia di Chiara\"}]},{\"@type\":\"WebSite\",\"@id\":\"https:\/\/www.fondazioneunipolis.org\/site\/#website\",\"url\":\"https:\/\/www.fondazioneunipolis.org\/site\/\",\"name\":\"Unipolis\",\"description\":\"\",\"publisher\":{\"@id\":\"https:\/\/www.fondazioneunipolis.org\/site\/#organization\"},\"potentialAction\":[{\"@type\":\"SearchAction\",\"target\":{\"@type\":\"EntryPoint\",\"urlTemplate\":\"https:\/\/www.fondazioneunipolis.org\/site\/?s={search_term_string}\"},\"query-input\":{\"@type\":\"PropertyValueSpecification\",\"valueRequired\":true,\"valueName\":\"search_term_string\"}}],\"inLanguage\":\"it-IT\"},{\"@type\":\"Organization\",\"@id\":\"https:\/\/www.fondazioneunipolis.org\/site\/#organization\",\"name\":\"Unipolis\",\"url\":\"https:\/\/www.fondazioneunipolis.org\/site\/\",\"logo\":{\"@type\":\"ImageObject\",\"inLanguage\":\"it-IT\",\"@id\":\"https:\/\/www.fondazioneunipolis.org\/site\/#\/schema\/logo\/image\/\",\"url\":\"https:\/\/www.fondazioneunipolis.org\/site\/wp-content\/uploads\/2025\/07\/logo-fondazione-unipolis-1.svg\",\"contentUrl\":\"https:\/\/www.fondazioneunipolis.org\/site\/wp-content\/uploads\/2025\/07\/logo-fondazione-unipolis-1.svg\",\"caption\":\"Unipolis\"},\"image\":{\"@id\":\"https:\/\/www.fondazioneunipolis.org\/site\/#\/schema\/logo\/image\/\"}},{\"@type\":\"Person\",\"@id\":\"https:\/\/www.fondazioneunipolis.org\/site\/#\/schema\/person\/fcced96d0e68417823bc1a4c4756e89d\",\"name\":\"Elisa Paluan\",\"image\":{\"@type\":\"ImageObject\",\"inLanguage\":\"it-IT\",\"@id\":\"https:\/\/www.fondazioneunipolis.org\/site\/#\/schema\/person\/image\/\",\"url\":\"https:\/\/secure.gravatar.com\/avatar\/9808ad99bfcf6869670f37ed3dceaa27f2abfcb4dc6b9232760c9d28f353bd9a?s=96&d=mm&r=g\",\"contentUrl\":\"https:\/\/secure.gravatar.com\/avatar\/9808ad99bfcf6869670f37ed3dceaa27f2abfcb4dc6b9232760c9d28f353bd9a?s=96&d=mm&r=g\",\"caption\":\"Elisa Paluan\"},\"url\":\"https:\/\/www.fondazioneunipolis.org\/site\/author\/elisa-paluan\/\"}]}<\/script>\n<!-- \/ Yoast SEO plugin. -->","yoast_head_json":{"title":"La Bella storia di Chiara - Unipolis","description":"Chiara ha 18 anni e viene da Rosarno in provincia di Reggio Calabria. La sua grande passione \u00e8 la musica: suona il violoncello fin da bambina, ma con Bella storia. La tua ha capito che dentro di s\u00e9 ci sono anche altre passioni e talenti da coltivare.","robots":{"index":"index","follow":"follow","max-snippet":"max-snippet:-1","max-image-preview":"max-image-preview:large","max-video-preview":"max-video-preview:-1"},"canonical":"https:\/\/www.fondazioneunipolis.org\/site\/la-bella-storia-di-chiara\/","og_locale":"it_IT","og_type":"article","og_title":"La Bella storia di Chiara - Unipolis","og_description":"Chiara ha 18 anni e viene da Rosarno in provincia di Reggio Calabria. La sua grande passione \u00e8 la musica: suona il violoncello fin da bambina, ma con Bella storia. La tua ha capito che dentro di s\u00e9 ci sono anche altre passioni e talenti da coltivare.","og_url":"https:\/\/dx-factory-unipolis-corporate-wp.ha.servizi.gr-u.it\/site\/la-bella-storia-di-chiara\/","og_site_name":"Unipolis","article_published_time":"2025-10-02T10:18:00+00:00","article_modified_time":"2025-12-29T11:24:14+00:00","og_image":[{"width":1440,"height":900,"url":"https:\/\/dx-factory-unipolis-corporate-wp.ha.servizi.gr-u.it\/site\/wp-content\/uploads\/2025\/12\/Chiara_BS1.png","type":"image\/png"}],"author":"Elisa Paluan","twitter_card":"summary_large_image","twitter_misc":{"Written by":"Elisa Paluan","Est. reading time":"2 minutes"},"schema":{"@context":"https:\/\/schema.org","@graph":[{"@type":"Article","@id":"https:\/\/dx-factory-unipolis-corporate-wp.ha.servizi.gr-u.it\/site\/la-bella-storia-di-chiara\/#article","isPartOf":{"@id":"https:\/\/dx-factory-unipolis-corporate-wp.ha.servizi.gr-u.it\/site\/la-bella-storia-di-chiara\/"},"author":{"name":"Elisa Paluan","@id":"https:\/\/www.fondazioneunipolis.org\/site\/#\/schema\/person\/fcced96d0e68417823bc1a4c4756e89d"},"headline":"La Bella storia di Chiara","datePublished":"2025-10-02T10:18:00+00:00","dateModified":"2025-12-29T11:24:14+00:00","mainEntityOfPage":{"@id":"https:\/\/dx-factory-unipolis-corporate-wp.ha.servizi.gr-u.it\/site\/la-bella-storia-di-chiara\/"},"wordCount":222,"commentCount":0,"publisher":{"@id":"https:\/\/www.fondazioneunipolis.org\/site\/#organization"},"image":{"@id":"https:\/\/dx-factory-unipolis-corporate-wp.ha.servizi.gr-u.it\/site\/la-bella-storia-di-chiara\/#primaryimage"},"thumbnailUrl":"https:\/\/www.fondazioneunipolis.org\/site\/wp-content\/uploads\/2025\/12\/Chiara_BS1.png","keywords":["bellastoria"],"articleSection":["Disuguaglianze"],"inLanguage":"it-IT","potentialAction":[{"@type":"CommentAction","name":"Comment","target":["https:\/\/dx-factory-unipolis-corporate-wp.ha.servizi.gr-u.it\/site\/la-bella-storia-di-chiara\/#respond"]}]},{"@type":"WebPage","@id":"https:\/\/dx-factory-unipolis-corporate-wp.ha.servizi.gr-u.it\/site\/la-bella-storia-di-chiara\/","url":"https:\/\/dx-factory-unipolis-corporate-wp.ha.servizi.gr-u.it\/site\/la-bella-storia-di-chiara\/","name":"La Bella storia di Chiara - Unipolis","isPartOf":{"@id":"https:\/\/www.fondazioneunipolis.org\/site\/#website"},"primaryImageOfPage":{"@id":"https:\/\/dx-factory-unipolis-corporate-wp.ha.servizi.gr-u.it\/site\/la-bella-storia-di-chiara\/#primaryimage"},"image":{"@id":"https:\/\/dx-factory-unipolis-corporate-wp.ha.servizi.gr-u.it\/site\/la-bella-storia-di-chiara\/#primaryimage"},"thumbnailUrl":"https:\/\/www.fondazioneunipolis.org\/site\/wp-content\/uploads\/2025\/12\/Chiara_BS1.png","datePublished":"2025-10-02T10:18:00+00:00","dateModified":"2025-12-29T11:24:14+00:00","description":"Chiara ha 18 anni e viene da Rosarno in provincia di Reggio Calabria. La sua grande passione \u00e8 la musica: suona il violoncello fin da bambina, ma con Bella storia. La tua ha capito che dentro di s\u00e9 ci sono anche altre passioni e talenti da coltivare.","breadcrumb":{"@id":"https:\/\/dx-factory-unipolis-corporate-wp.ha.servizi.gr-u.it\/site\/la-bella-storia-di-chiara\/#breadcrumb"},"inLanguage":"it-IT","potentialAction":[{"@type":"ReadAction","target":["https:\/\/dx-factory-unipolis-corporate-wp.ha.servizi.gr-u.it\/site\/la-bella-storia-di-chiara\/"]}]},{"@type":"ImageObject","inLanguage":"it-IT","@id":"https:\/\/dx-factory-unipolis-corporate-wp.ha.servizi.gr-u.it\/site\/la-bella-storia-di-chiara\/#primaryimage","url":"https:\/\/www.fondazioneunipolis.org\/site\/wp-content\/uploads\/2025\/12\/Chiara_BS1.png","contentUrl":"https:\/\/www.fondazioneunipolis.org\/site\/wp-content\/uploads\/2025\/12\/Chiara_BS1.png","width":1440,"height":900},{"@type":"BreadcrumbList","@id":"https:\/\/dx-factory-unipolis-corporate-wp.ha.servizi.gr-u.it\/site\/la-bella-storia-di-chiara\/#breadcrumb","itemListElement":[{"@type":"ListItem","position":1,"name":"Home","item":"https:\/\/www.fondazioneunipolis.org\/site\/"},{"@type":"ListItem","position":2,"name":"La Bella storia di Chiara"}]},{"@type":"WebSite","@id":"https:\/\/www.fondazioneunipolis.org\/site\/#website","url":"https:\/\/www.fondazioneunipolis.org\/site\/","name":"Unipolis","description":"","publisher":{"@id":"https:\/\/www.fondazioneunipolis.org\/site\/#organization"},"potentialAction":[{"@type":"SearchAction","target":{"@type":"EntryPoint","urlTemplate":"https:\/\/www.fondazioneunipolis.org\/site\/?s={search_term_string}"},"query-input":{"@type":"PropertyValueSpecification","valueRequired":true,"valueName":"search_term_string"}}],"inLanguage":"it-IT"},{"@type":"Organization","@id":"https:\/\/www.fondazioneunipolis.org\/site\/#organization","name":"Unipolis","url":"https:\/\/www.fondazioneunipolis.org\/site\/","logo":{"@type":"ImageObject","inLanguage":"it-IT","@id":"https:\/\/www.fondazioneunipolis.org\/site\/#\/schema\/logo\/image\/","url":"https:\/\/www.fondazioneunipolis.org\/site\/wp-content\/uploads\/2025\/07\/logo-fondazione-unipolis-1.svg","contentUrl":"https:\/\/www.fondazioneunipolis.org\/site\/wp-content\/uploads\/2025\/07\/logo-fondazione-unipolis-1.svg","caption":"Unipolis"},"image":{"@id":"https:\/\/www.fondazioneunipolis.org\/site\/#\/schema\/logo\/image\/"}},{"@type":"Person","@id":"https:\/\/www.fondazioneunipolis.org\/site\/#\/schema\/person\/fcced96d0e68417823bc1a4c4756e89d","name":"Elisa Paluan","image":{"@type":"ImageObject","inLanguage":"it-IT","@id":"https:\/\/www.fondazioneunipolis.org\/site\/#\/schema\/person\/image\/","url":"https:\/\/secure.gravatar.com\/avatar\/9808ad99bfcf6869670f37ed3dceaa27f2abfcb4dc6b9232760c9d28f353bd9a?s=96&d=mm&r=g","contentUrl":"https:\/\/secure.gravatar.com\/avatar\/9808ad99bfcf6869670f37ed3dceaa27f2abfcb4dc6b9232760c9d28f353bd9a?s=96&d=mm&r=g","caption":"Elisa Paluan"},"url":"https:\/\/www.fondazioneunipolis.org\/site\/author\/elisa-paluan\/"}]}},"_links":{"self":[{"href":"https:\/\/www.fondazioneunipolis.org\/site\/wp-json\/wp\/v2\/posts\/11314","targetHints":{"allow":["GET"]}}],"collection":[{"href":"https:\/\/www.fondazioneunipolis.org\/site\/wp-json\/wp\/v2\/posts"}],"about":[{"href":"https:\/\/www.fondazioneunipolis.org\/site\/wp-json\/wp\/v2\/types\/post"}],"author":[{"embeddable":true,"href":"https:\/\/www.fondazioneunipolis.org\/site\/wp-json\/wp\/v2\/users\/5"}],"replies":[{"embeddable":true,"href":"https:\/\/www.fondazioneunipolis.org\/site\/wp-json\/wp\/v2\/comments?post=11314"}],"version-history":[{"count":2,"href":"https:\/\/www.fondazioneunipolis.org\/site\/wp-json\/wp\/v2\/posts\/11314\/revisions"}],"predecessor-version":[{"id":11319,"href":"https:\/\/www.fondazioneunipolis.org\/site\/wp-json\/wp\/v2\/posts\/11314\/revisions\/11319"}],"wp:featuredmedia":[{"embeddable":true,"href":"https:\/\/www.fondazioneunipolis.org\/site\/wp-json\/wp\/v2\/media\/11316"}],"wp:attachment":[{"href":"https:\/\/www.fondazioneunipolis.org\/site\/wp-json\/wp\/v2\/media?parent=11314"}],"wp:term":[{"taxonomy":"category","embeddable":true,"href":"https:\/\/www.fondazioneunipolis.org\/site\/wp-json\/wp\/v2\/categories?post=11314"},{"taxonomy":"post_tag","embeddable":true,"href":"https:\/\/www.fondazioneunipolis.org\/site\/wp-json\/wp\/v2\/tags?post=11314"}],"curies":[{"name":"wp","href":"https:\/\/api.w.org\/{rel}","templated":true}]}}