{"id":11302,"date":"2025-10-16T11:58:00","date_gmt":"2025-10-16T09:58:00","guid":{"rendered":"https:\/\/www.fondazioneunipolis.org\/site\/?p=11302"},"modified":"2025-12-29T12:42:27","modified_gmt":"2025-12-29T11:42:27","slug":"la-bella-storia-di-farling","status":"publish","type":"post","link":"https:\/\/www.fondazioneunipolis.org\/site\/news\/la-bella-storia-di-farling\/","title":{"rendered":"La Bella storia di Farling"},"content":{"rendered":"\n<p>\u200b\u200b<strong>Farling Manzueta Padilla&nbsp;ha 19 anni<\/strong>, \u00e8 originario della Repubblica Dominicana e vive a Napoli da oltre 11 anni.&nbsp;<strong>La sua \u00e8 una storia di riscatto e determinazione<\/strong>: in questi anni \u00e8 cresciuto, ha acquisito fiducia e ha conseguito il diploma con il massimo dei voti.<\/p>\n\n\n\n<p>Con&nbsp;<a href=\"https:\/\/www.fondazioneunipolis.org\/bellastoria\"><em>Bella storia. La tua<\/em><\/a><em>&nbsp;<\/em>&#8211; il percorso di empowerment dedicato a ragaz\u200b\u200b\u200bze e ragazzi provenienti da Campania e Calabria per divenire pi\u00f9 consapevoli, pi\u00f9 proattivi, pi\u00f9 abili&nbsp;&#8211;<em>&nbsp;<\/em>ha trovato un percorso che lo ha aiutato a migliorare le proprie<strong>&nbsp;capacit\u00e0 comunicative, diventare pi\u00f9 organizzato e riflessivo<\/strong>, e scoprire un modo nuovo di mettersi in gioco. Sempre attento ad aiutare gli altri, ha imparato che il cambiamento parte da s\u00e9 ma si costruisce insieme.<\/p>\n\n\n\n<p>Nel video racconta il suo cammino con sincerit\u00e0, la voglia di superare i propri limiti e di continuare a studiare per costruire il futuro che desidera. Grazie anche al contributo economico previsto dal progetto, che ha scelto di risparmiare con costanza, potr\u00e0 realizzare uno dei suoi sogni:&nbsp;<strong>visitare il Brasile<\/strong>&nbsp;e&nbsp;<strong>proseguire la propria formazione<\/strong>.<\/p>\n\n\n\n<p>Il suo impegno e la costanza dimostrata durante il percors\u200b\u200bo lo hanno portato a ricevere una delle\u00a0<strong><a href=\"https:\/\/www.fondazioneunipolis.org\/site\/quattro-giovani-di-bella-storia-premiati-con-borse-di-studio-da-5-000-euro\/\" target=\"_blank\" rel=\"noreferrer noopener\">quattro borse di studio da 5.000 euro\u200b<\/a><\/strong>, messe a disposizione da Fondazione Unipolis, \u200bfinalizzate al proseguimento degli studi e dedicate ai partecipanti della prima edizione di\u00a0<em>Bella storia. La tua<\/em>.<\/p>\n\n\n\n<p>Un riconoscimento che celebra la forza di chi crede nelle proprie possibilit\u00e0 e sceglie di trasformare ogni occasione in un passo verso il futuro.<\/p>\n\n\n\n<iframe loading=\"lazy\" width=\"560\" height=\"315\" src=\"https:\/\/www.youtube.com\/embed\/z_MoMLDqHXw?si=QFYSsJqcJB8HfhKj\" title=\"YouTube video player\" frameborder=\"0\" allow=\"accelerometer; autoplay; clipboard-write; encrypted-media; gyroscope; picture-in-picture; web-share\" referrerpolicy=\"strict-origin-when-cross-origin\" allowfullscreen><\/iframe>\n\n\n\n<p><\/p>\n","protected":false},"excerpt":{"rendered":"<p>\u200b\u200bFarling Manzueta Padilla&nbsp;ha 19 anni, \u00e8 originario della Repubblica Dominicana e vive a Napoli da oltre 11 anni.&nbsp;La sua \u00e8 una storia di riscatto e determinazione: in questi anni \u00e8 cresciuto, ha acquisito fiducia e ha conseguito il diploma con il massimo dei voti. Con&nbsp;Bella storia. La tua&nbsp;&#8211; il percorso di empowerment dedicato a ragaz\u200b\u200b\u200bze [&hellip;]<\/p>\n","protected":false},"author":5,"featured_media":11305,"comment_status":"open","ping_status":"open","sticky":false,"template":"","format":"standard","meta":{"_acf_changed":false,"footnotes":""},"categories":[6],"tags":[640],"class_list":["post-11302","post","type-post","status-publish","format-standard","has-post-thumbnail","hentry","category-disuguaglianze","tag-bellastoria"],"acf":[],"yoast_head":"<!-- This site is optimized with the Yoast SEO plugin v26.1.1 - https:\/\/yoast.com\/wordpress\/plugins\/seo\/ -->\n<title>La Bella storia di Farling - Unipolis<\/title>\n<meta name=\"description\" content=\"\u200b\u200bFarling Manzueta Padilla ha 19 anni, \u00e8 originario della Repubblica Dominicana e vive a Napoli da oltre 11 anni. La sua \u00e8 una storia di riscatto e determinazione: in questi anni \u00e8 cresciuto, ha acquisito fiducia e ha conseguito il diploma con il massimo dei voti.\" \/>\n<meta name=\"robots\" content=\"index, follow, max-snippet:-1, max-image-preview:large, max-video-preview:-1\" \/>\n<link rel=\"canonical\" href=\"https:\/\/www.fondazioneunipolis.org\/site\/la-bella-storia-di-farling\/\" \/>\n<meta property=\"og:locale\" content=\"it_IT\" \/>\n<meta property=\"og:type\" content=\"article\" \/>\n<meta property=\"og:title\" content=\"La Bella storia di Farling - Unipolis\" \/>\n<meta property=\"og:description\" content=\"\u200b\u200bFarling Manzueta Padilla ha 19 anni, \u00e8 originario della Repubblica Dominicana e vive a Napoli da oltre 11 anni. La sua \u00e8 una storia di riscatto e determinazione: in questi anni \u00e8 cresciuto, ha acquisito fiducia e ha conseguito il diploma con il massimo dei voti.\" \/>\n<meta property=\"og:url\" content=\"https:\/\/dx-factory-unipolis-corporate-wp.ha.servizi.gr-u.it\/site\/la-bella-storia-di-farling\/\" \/>\n<meta property=\"og:site_name\" content=\"Unipolis\" \/>\n<meta property=\"article:published_time\" content=\"2025-10-16T09:58:00+00:00\" \/>\n<meta property=\"article:modified_time\" content=\"2025-12-29T11:42:27+00:00\" \/>\n<meta property=\"og:image\" content=\"https:\/\/dx-factory-unipolis-corporate-wp.ha.servizi.gr-u.it\/site\/wp-content\/uploads\/2025\/12\/Farling_BS1.png\" \/>\n\t<meta property=\"og:image:width\" content=\"1440\" \/>\n\t<meta property=\"og:image:height\" content=\"900\" \/>\n\t<meta property=\"og:image:type\" content=\"image\/png\" \/>\n<meta name=\"author\" content=\"Elisa Paluan\" \/>\n<meta name=\"twitter:card\" content=\"summary_large_image\" \/>\n<meta name=\"twitter:label1\" content=\"Written by\" \/>\n\t<meta name=\"twitter:data1\" content=\"Elisa Paluan\" \/>\n\t<meta name=\"twitter:label2\" content=\"Est. reading time\" \/>\n\t<meta name=\"twitter:data2\" content=\"2 minutes\" \/>\n<script type=\"application\/ld+json\" class=\"yoast-schema-graph\">{\"@context\":\"https:\/\/schema.org\",\"@graph\":[{\"@type\":\"Article\",\"@id\":\"https:\/\/dx-factory-unipolis-corporate-wp.ha.servizi.gr-u.it\/site\/la-bella-storia-di-farling\/#article\",\"isPartOf\":{\"@id\":\"https:\/\/dx-factory-unipolis-corporate-wp.ha.servizi.gr-u.it\/site\/la-bella-storia-di-farling\/\"},\"author\":{\"name\":\"Elisa Paluan\",\"@id\":\"https:\/\/www.fondazioneunipolis.org\/site\/#\/schema\/person\/fcced96d0e68417823bc1a4c4756e89d\"},\"headline\":\"La Bella storia di Farling\",\"datePublished\":\"2025-10-16T09:58:00+00:00\",\"dateModified\":\"2025-12-29T11:42:27+00:00\",\"mainEntityOfPage\":{\"@id\":\"https:\/\/dx-factory-unipolis-corporate-wp.ha.servizi.gr-u.it\/site\/la-bella-storia-di-farling\/\"},\"wordCount\":258,\"commentCount\":0,\"publisher\":{\"@id\":\"https:\/\/www.fondazioneunipolis.org\/site\/#organization\"},\"image\":{\"@id\":\"https:\/\/dx-factory-unipolis-corporate-wp.ha.servizi.gr-u.it\/site\/la-bella-storia-di-farling\/#primaryimage\"},\"thumbnailUrl\":\"https:\/\/www.fondazioneunipolis.org\/site\/wp-content\/uploads\/2025\/12\/Farling_BS1.png\",\"keywords\":[\"bellastoria\"],\"articleSection\":[\"Disuguaglianze\"],\"inLanguage\":\"it-IT\",\"potentialAction\":[{\"@type\":\"CommentAction\",\"name\":\"Comment\",\"target\":[\"https:\/\/dx-factory-unipolis-corporate-wp.ha.servizi.gr-u.it\/site\/la-bella-storia-di-farling\/#respond\"]}]},{\"@type\":\"WebPage\",\"@id\":\"https:\/\/dx-factory-unipolis-corporate-wp.ha.servizi.gr-u.it\/site\/la-bella-storia-di-farling\/\",\"url\":\"https:\/\/dx-factory-unipolis-corporate-wp.ha.servizi.gr-u.it\/site\/la-bella-storia-di-farling\/\",\"name\":\"La Bella storia di Farling - Unipolis\",\"isPartOf\":{\"@id\":\"https:\/\/www.fondazioneunipolis.org\/site\/#website\"},\"primaryImageOfPage\":{\"@id\":\"https:\/\/dx-factory-unipolis-corporate-wp.ha.servizi.gr-u.it\/site\/la-bella-storia-di-farling\/#primaryimage\"},\"image\":{\"@id\":\"https:\/\/dx-factory-unipolis-corporate-wp.ha.servizi.gr-u.it\/site\/la-bella-storia-di-farling\/#primaryimage\"},\"thumbnailUrl\":\"https:\/\/www.fondazioneunipolis.org\/site\/wp-content\/uploads\/2025\/12\/Farling_BS1.png\",\"datePublished\":\"2025-10-16T09:58:00+00:00\",\"dateModified\":\"2025-12-29T11:42:27+00:00\",\"description\":\"\u200b\u200bFarling Manzueta Padilla ha 19 anni, \u00e8 originario della Repubblica Dominicana e vive a Napoli da oltre 11 anni. La sua \u00e8 una storia di riscatto e determinazione: in questi anni \u00e8 cresciuto, ha acquisito fiducia e ha conseguito il diploma con il massimo dei voti.\",\"breadcrumb\":{\"@id\":\"https:\/\/dx-factory-unipolis-corporate-wp.ha.servizi.gr-u.it\/site\/la-bella-storia-di-farling\/#breadcrumb\"},\"inLanguage\":\"it-IT\",\"potentialAction\":[{\"@type\":\"ReadAction\",\"target\":[\"https:\/\/dx-factory-unipolis-corporate-wp.ha.servizi.gr-u.it\/site\/la-bella-storia-di-farling\/\"]}]},{\"@type\":\"ImageObject\",\"inLanguage\":\"it-IT\",\"@id\":\"https:\/\/dx-factory-unipolis-corporate-wp.ha.servizi.gr-u.it\/site\/la-bella-storia-di-farling\/#primaryimage\",\"url\":\"https:\/\/www.fondazioneunipolis.org\/site\/wp-content\/uploads\/2025\/12\/Farling_BS1.png\",\"contentUrl\":\"https:\/\/www.fondazioneunipolis.org\/site\/wp-content\/uploads\/2025\/12\/Farling_BS1.png\",\"width\":1440,\"height\":900},{\"@type\":\"BreadcrumbList\",\"@id\":\"https:\/\/dx-factory-unipolis-corporate-wp.ha.servizi.gr-u.it\/site\/la-bella-storia-di-farling\/#breadcrumb\",\"itemListElement\":[{\"@type\":\"ListItem\",\"position\":1,\"name\":\"Home\",\"item\":\"https:\/\/www.fondazioneunipolis.org\/site\/\"},{\"@type\":\"ListItem\",\"position\":2,\"name\":\"La Bella storia di Farling\"}]},{\"@type\":\"WebSite\",\"@id\":\"https:\/\/www.fondazioneunipolis.org\/site\/#website\",\"url\":\"https:\/\/www.fondazioneunipolis.org\/site\/\",\"name\":\"Unipolis\",\"description\":\"\",\"publisher\":{\"@id\":\"https:\/\/www.fondazioneunipolis.org\/site\/#organization\"},\"potentialAction\":[{\"@type\":\"SearchAction\",\"target\":{\"@type\":\"EntryPoint\",\"urlTemplate\":\"https:\/\/www.fondazioneunipolis.org\/site\/?s={search_term_string}\"},\"query-input\":{\"@type\":\"PropertyValueSpecification\",\"valueRequired\":true,\"valueName\":\"search_term_string\"}}],\"inLanguage\":\"it-IT\"},{\"@type\":\"Organization\",\"@id\":\"https:\/\/www.fondazioneunipolis.org\/site\/#organization\",\"name\":\"Unipolis\",\"url\":\"https:\/\/www.fondazioneunipolis.org\/site\/\",\"logo\":{\"@type\":\"ImageObject\",\"inLanguage\":\"it-IT\",\"@id\":\"https:\/\/www.fondazioneunipolis.org\/site\/#\/schema\/logo\/image\/\",\"url\":\"https:\/\/www.fondazioneunipolis.org\/site\/wp-content\/uploads\/2025\/07\/logo-fondazione-unipolis-1.svg\",\"contentUrl\":\"https:\/\/www.fondazioneunipolis.org\/site\/wp-content\/uploads\/2025\/07\/logo-fondazione-unipolis-1.svg\",\"caption\":\"Unipolis\"},\"image\":{\"@id\":\"https:\/\/www.fondazioneunipolis.org\/site\/#\/schema\/logo\/image\/\"}},{\"@type\":\"Person\",\"@id\":\"https:\/\/www.fondazioneunipolis.org\/site\/#\/schema\/person\/fcced96d0e68417823bc1a4c4756e89d\",\"name\":\"Elisa Paluan\",\"image\":{\"@type\":\"ImageObject\",\"inLanguage\":\"it-IT\",\"@id\":\"https:\/\/www.fondazioneunipolis.org\/site\/#\/schema\/person\/image\/\",\"url\":\"https:\/\/secure.gravatar.com\/avatar\/9808ad99bfcf6869670f37ed3dceaa27f2abfcb4dc6b9232760c9d28f353bd9a?s=96&d=mm&r=g\",\"contentUrl\":\"https:\/\/secure.gravatar.com\/avatar\/9808ad99bfcf6869670f37ed3dceaa27f2abfcb4dc6b9232760c9d28f353bd9a?s=96&d=mm&r=g\",\"caption\":\"Elisa Paluan\"},\"url\":\"https:\/\/www.fondazioneunipolis.org\/site\/author\/elisa-paluan\/\"}]}<\/script>\n<!-- \/ Yoast SEO plugin. -->","yoast_head_json":{"title":"La Bella storia di Farling - Unipolis","description":"\u200b\u200bFarling Manzueta Padilla ha 19 anni, \u00e8 originario della Repubblica Dominicana e vive a Napoli da oltre 11 anni. La sua \u00e8 una storia di riscatto e determinazione: in questi anni \u00e8 cresciuto, ha acquisito fiducia e ha conseguito il diploma con il massimo dei voti.","robots":{"index":"index","follow":"follow","max-snippet":"max-snippet:-1","max-image-preview":"max-image-preview:large","max-video-preview":"max-video-preview:-1"},"canonical":"https:\/\/www.fondazioneunipolis.org\/site\/la-bella-storia-di-farling\/","og_locale":"it_IT","og_type":"article","og_title":"La Bella storia di Farling - Unipolis","og_description":"\u200b\u200bFarling Manzueta Padilla ha 19 anni, \u00e8 originario della Repubblica Dominicana e vive a Napoli da oltre 11 anni. La sua \u00e8 una storia di riscatto e determinazione: in questi anni \u00e8 cresciuto, ha acquisito fiducia e ha conseguito il diploma con il massimo dei voti.","og_url":"https:\/\/dx-factory-unipolis-corporate-wp.ha.servizi.gr-u.it\/site\/la-bella-storia-di-farling\/","og_site_name":"Unipolis","article_published_time":"2025-10-16T09:58:00+00:00","article_modified_time":"2025-12-29T11:42:27+00:00","og_image":[{"width":1440,"height":900,"url":"https:\/\/dx-factory-unipolis-corporate-wp.ha.servizi.gr-u.it\/site\/wp-content\/uploads\/2025\/12\/Farling_BS1.png","type":"image\/png"}],"author":"Elisa Paluan","twitter_card":"summary_large_image","twitter_misc":{"Written by":"Elisa Paluan","Est. reading time":"2 minutes"},"schema":{"@context":"https:\/\/schema.org","@graph":[{"@type":"Article","@id":"https:\/\/dx-factory-unipolis-corporate-wp.ha.servizi.gr-u.it\/site\/la-bella-storia-di-farling\/#article","isPartOf":{"@id":"https:\/\/dx-factory-unipolis-corporate-wp.ha.servizi.gr-u.it\/site\/la-bella-storia-di-farling\/"},"author":{"name":"Elisa Paluan","@id":"https:\/\/www.fondazioneunipolis.org\/site\/#\/schema\/person\/fcced96d0e68417823bc1a4c4756e89d"},"headline":"La Bella storia di Farling","datePublished":"2025-10-16T09:58:00+00:00","dateModified":"2025-12-29T11:42:27+00:00","mainEntityOfPage":{"@id":"https:\/\/dx-factory-unipolis-corporate-wp.ha.servizi.gr-u.it\/site\/la-bella-storia-di-farling\/"},"wordCount":258,"commentCount":0,"publisher":{"@id":"https:\/\/www.fondazioneunipolis.org\/site\/#organization"},"image":{"@id":"https:\/\/dx-factory-unipolis-corporate-wp.ha.servizi.gr-u.it\/site\/la-bella-storia-di-farling\/#primaryimage"},"thumbnailUrl":"https:\/\/www.fondazioneunipolis.org\/site\/wp-content\/uploads\/2025\/12\/Farling_BS1.png","keywords":["bellastoria"],"articleSection":["Disuguaglianze"],"inLanguage":"it-IT","potentialAction":[{"@type":"CommentAction","name":"Comment","target":["https:\/\/dx-factory-unipolis-corporate-wp.ha.servizi.gr-u.it\/site\/la-bella-storia-di-farling\/#respond"]}]},{"@type":"WebPage","@id":"https:\/\/dx-factory-unipolis-corporate-wp.ha.servizi.gr-u.it\/site\/la-bella-storia-di-farling\/","url":"https:\/\/dx-factory-unipolis-corporate-wp.ha.servizi.gr-u.it\/site\/la-bella-storia-di-farling\/","name":"La Bella storia di Farling - Unipolis","isPartOf":{"@id":"https:\/\/www.fondazioneunipolis.org\/site\/#website"},"primaryImageOfPage":{"@id":"https:\/\/dx-factory-unipolis-corporate-wp.ha.servizi.gr-u.it\/site\/la-bella-storia-di-farling\/#primaryimage"},"image":{"@id":"https:\/\/dx-factory-unipolis-corporate-wp.ha.servizi.gr-u.it\/site\/la-bella-storia-di-farling\/#primaryimage"},"thumbnailUrl":"https:\/\/www.fondazioneunipolis.org\/site\/wp-content\/uploads\/2025\/12\/Farling_BS1.png","datePublished":"2025-10-16T09:58:00+00:00","dateModified":"2025-12-29T11:42:27+00:00","description":"\u200b\u200bFarling Manzueta Padilla ha 19 anni, \u00e8 originario della Repubblica Dominicana e vive a Napoli da oltre 11 anni. La sua \u00e8 una storia di riscatto e determinazione: in questi anni \u00e8 cresciuto, ha acquisito fiducia e ha conseguito il diploma con il massimo dei voti.","breadcrumb":{"@id":"https:\/\/dx-factory-unipolis-corporate-wp.ha.servizi.gr-u.it\/site\/la-bella-storia-di-farling\/#breadcrumb"},"inLanguage":"it-IT","potentialAction":[{"@type":"ReadAction","target":["https:\/\/dx-factory-unipolis-corporate-wp.ha.servizi.gr-u.it\/site\/la-bella-storia-di-farling\/"]}]},{"@type":"ImageObject","inLanguage":"it-IT","@id":"https:\/\/dx-factory-unipolis-corporate-wp.ha.servizi.gr-u.it\/site\/la-bella-storia-di-farling\/#primaryimage","url":"https:\/\/www.fondazioneunipolis.org\/site\/wp-content\/uploads\/2025\/12\/Farling_BS1.png","contentUrl":"https:\/\/www.fondazioneunipolis.org\/site\/wp-content\/uploads\/2025\/12\/Farling_BS1.png","width":1440,"height":900},{"@type":"BreadcrumbList","@id":"https:\/\/dx-factory-unipolis-corporate-wp.ha.servizi.gr-u.it\/site\/la-bella-storia-di-farling\/#breadcrumb","itemListElement":[{"@type":"ListItem","position":1,"name":"Home","item":"https:\/\/www.fondazioneunipolis.org\/site\/"},{"@type":"ListItem","position":2,"name":"La Bella storia di Farling"}]},{"@type":"WebSite","@id":"https:\/\/www.fondazioneunipolis.org\/site\/#website","url":"https:\/\/www.fondazioneunipolis.org\/site\/","name":"Unipolis","description":"","publisher":{"@id":"https:\/\/www.fondazioneunipolis.org\/site\/#organization"},"potentialAction":[{"@type":"SearchAction","target":{"@type":"EntryPoint","urlTemplate":"https:\/\/www.fondazioneunipolis.org\/site\/?s={search_term_string}"},"query-input":{"@type":"PropertyValueSpecification","valueRequired":true,"valueName":"search_term_string"}}],"inLanguage":"it-IT"},{"@type":"Organization","@id":"https:\/\/www.fondazioneunipolis.org\/site\/#organization","name":"Unipolis","url":"https:\/\/www.fondazioneunipolis.org\/site\/","logo":{"@type":"ImageObject","inLanguage":"it-IT","@id":"https:\/\/www.fondazioneunipolis.org\/site\/#\/schema\/logo\/image\/","url":"https:\/\/www.fondazioneunipolis.org\/site\/wp-content\/uploads\/2025\/07\/logo-fondazione-unipolis-1.svg","contentUrl":"https:\/\/www.fondazioneunipolis.org\/site\/wp-content\/uploads\/2025\/07\/logo-fondazione-unipolis-1.svg","caption":"Unipolis"},"image":{"@id":"https:\/\/www.fondazioneunipolis.org\/site\/#\/schema\/logo\/image\/"}},{"@type":"Person","@id":"https:\/\/www.fondazioneunipolis.org\/site\/#\/schema\/person\/fcced96d0e68417823bc1a4c4756e89d","name":"Elisa Paluan","image":{"@type":"ImageObject","inLanguage":"it-IT","@id":"https:\/\/www.fondazioneunipolis.org\/site\/#\/schema\/person\/image\/","url":"https:\/\/secure.gravatar.com\/avatar\/9808ad99bfcf6869670f37ed3dceaa27f2abfcb4dc6b9232760c9d28f353bd9a?s=96&d=mm&r=g","contentUrl":"https:\/\/secure.gravatar.com\/avatar\/9808ad99bfcf6869670f37ed3dceaa27f2abfcb4dc6b9232760c9d28f353bd9a?s=96&d=mm&r=g","caption":"Elisa Paluan"},"url":"https:\/\/www.fondazioneunipolis.org\/site\/author\/elisa-paluan\/"}]}},"_links":{"self":[{"href":"https:\/\/www.fondazioneunipolis.org\/site\/wp-json\/wp\/v2\/posts\/11302","targetHints":{"allow":["GET"]}}],"collection":[{"href":"https:\/\/www.fondazioneunipolis.org\/site\/wp-json\/wp\/v2\/posts"}],"about":[{"href":"https:\/\/www.fondazioneunipolis.org\/site\/wp-json\/wp\/v2\/types\/post"}],"author":[{"embeddable":true,"href":"https:\/\/www.fondazioneunipolis.org\/site\/wp-json\/wp\/v2\/users\/5"}],"replies":[{"embeddable":true,"href":"https:\/\/www.fondazioneunipolis.org\/site\/wp-json\/wp\/v2\/comments?post=11302"}],"version-history":[{"count":3,"href":"https:\/\/www.fondazioneunipolis.org\/site\/wp-json\/wp\/v2\/posts\/11302\/revisions"}],"predecessor-version":[{"id":11333,"href":"https:\/\/www.fondazioneunipolis.org\/site\/wp-json\/wp\/v2\/posts\/11302\/revisions\/11333"}],"wp:featuredmedia":[{"embeddable":true,"href":"https:\/\/www.fondazioneunipolis.org\/site\/wp-json\/wp\/v2\/media\/11305"}],"wp:attachment":[{"href":"https:\/\/www.fondazioneunipolis.org\/site\/wp-json\/wp\/v2\/media?parent=11302"}],"wp:term":[{"taxonomy":"category","embeddable":true,"href":"https:\/\/www.fondazioneunipolis.org\/site\/wp-json\/wp\/v2\/categories?post=11302"},{"taxonomy":"post_tag","embeddable":true,"href":"https:\/\/www.fondazioneunipolis.org\/site\/wp-json\/wp\/v2\/tags?post=11302"}],"curies":[{"name":"wp","href":"https:\/\/api.w.org\/{rel}","templated":true}]}}