{"id":11287,"date":"2025-10-16T11:44:00","date_gmt":"2025-10-16T09:44:00","guid":{"rendered":"https:\/\/www.fondazioneunipolis.org\/site\/?p=11287"},"modified":"2026-01-29T16:13:48","modified_gmt":"2026-01-29T15:13:48","slug":"la-storia-di-elena-e-dei-care-leavers-in-italia","status":"publish","type":"post","link":"https:\/\/www.fondazioneunipolis.org\/site\/news\/la-storia-di-elena-e-dei-care-leavers-in-italia\/","title":{"rendered":"La storia di Elena e dei Care Leavers in Italia"},"content":{"rendered":"\n<p>Elena (nome di fantasia) ha appena compiuto 18 anni. Un compleanno che per molti coetanei significa libert\u00e0, nuovi inizi, sogni da inseguire. Per lei, invece, vuol dire anche, se non prima, fine: la fine del percorso di tutela in comunit\u00e0 o affido, e l&#8217;inizio \u2013 improvviso e inevitabile \u2013 di una vita autonoma. Cos\u00ec prevede la normativa italiana: fino ai 18 anni un minore fuori famiglia ha diritto a tutela, oltre quella soglia diventa un&nbsp;<em>Care Leaver<\/em>. Un adulto in un giorno.<\/p>\n\n\n\n<p>In Italia sono&nbsp;<strong>42.000<\/strong>&nbsp;i minori che vivono fuori famiglia. Ogni anno circa&nbsp;<strong>7.000<\/strong>&nbsp;di loro compiono 18 anni e si ritrovano, come Elena, a dover affrontare tutto da soli. Una sfida enorme: perch\u00e9 non si impara a leggere la bussola dell&#8217;autonomia in 24 ore, n\u00e9 a diventare la propria famiglia senza avere una rete intorno.<\/p>\n\n\n\n<p>\u00c8 qui che entra in gioco&nbsp;<strong>Agevolando APS ETS<\/strong>. L&#8217;associazione, nata dall&#8217;esperienza diretta di chi \u00e8 stato Care Leaver, ha costruito negli anni un insieme di progetti per non lasciare nessuno indietro: il&nbsp;<strong>Care Leavers Network<\/strong>, le&nbsp;<strong>Doti<\/strong>, i percorsi di&nbsp;<strong>Abitare<\/strong>&nbsp;e gli&nbsp;<strong>sportelli informativi<\/strong>. Ogni anno oltre&nbsp;<strong>250 ragazzi e ragazze<\/strong>&nbsp;vengono accompagnati in prima persona; in totale sono circa&nbsp;<strong>700<\/strong>&nbsp;quelli intercettati e sostenuti, cio\u00e8&nbsp;<strong>1 su 10<\/strong>&nbsp;tra i Care Leavers italiani che compiono 18 anni. Il progetto&nbsp;<a href=\"https:\/\/www.fondazioneunipolis.org\/progetti\/caring-is-sharing\" target=\"_blank\" rel=\"noreferrer noopener\">Caring is Sharing<\/a>, promosso da&nbsp;<strong>Agevolando APS ETS<\/strong>&nbsp;in collaborazione con il&nbsp;<strong>Coordinamento Italiano dei Servizi Contro il Maltrattamento e l&#8217;Abuso all&#8217;Infanzia (CISMAI) ETS<\/strong>&nbsp;e sostenuto da&nbsp;<strong>Fondazione Unipolis con il Bando ACT 2024 nell&#8217;area Disuguaglianze<\/strong>, lavora proprio in questa direzione: dare sostegno concreto ai percorsi di autonomia dei&nbsp;<em>care leavers<\/em>, offrendo spazi, relazioni, ascolto e diritti.<\/p>\n\n\n\n<p>Un risultato importante, ma non abbastanza. Perch\u00e9 il sogno \u2013 e l&#8217;obiettivo \u2013 \u00e8 raggiungere anche gli altri nove, quelli che oggi rischiano di rimanere invisibili. Perch\u00e9 crescere non pu\u00f2 essere un salto nel vuoto: servono reti, opportunit\u00e0, adulti di riferimento. Servono comunit\u00e0 che non smettano di esserci, nemmeno dopo i 18 anni.<\/p>\n\n\n\n<p>Per saperne di pi\u00f9 visita la<strong>\u00a0<\/strong><a href=\"https:\/\/www.fondazioneunipolis.org\/site\/progetti\/caring-is-sharing\" target=\"_blank\" rel=\"noreferrer noopener\">pagina progetto<\/a><strong>\u00a0<\/strong><\/p>\n\n\n\n<p><em>Immagine realizzata tramite AI<\/em><\/p>\n\n\n\n<p><\/p>\n","protected":false},"excerpt":{"rendered":"<p>Elena (nome di fantasia) ha appena compiuto 18 anni. Un compleanno che per molti coetanei significa libert\u00e0, nuovi inizi, sogni da inseguire. Per lei, invece, vuol dire anche, se non prima, fine: la fine del percorso di tutela in comunit\u00e0 o affido, e l&#8217;inizio \u2013 improvviso e inevitabile \u2013 di una vita autonoma. Cos\u00ec prevede [&hellip;]<\/p>\n","protected":false},"author":5,"featured_media":11294,"comment_status":"open","ping_status":"open","sticky":false,"template":"","format":"standard","meta":{"_acf_changed":false,"footnotes":""},"categories":[6],"tags":[650,666],"class_list":["post-11287","post","type-post","status-publish","format-standard","has-post-thumbnail","hentry","category-disuguaglianze","tag-bandoact24","tag-caring_is_sharing"],"acf":[],"yoast_head":"<!-- This site is optimized with the Yoast SEO plugin v26.1.1 - https:\/\/yoast.com\/wordpress\/plugins\/seo\/ -->\n<title>La storia di Elena e dei Care Leavers in Italia - Unipolis<\/title>\n<meta name=\"description\" content=\"Elena (nome di fantasia) ha appena compiuto 18 anni. Un compleanno che per molti coetanei significa libert\u00e0, nuovi inizi, sogni da inseguire. Per lei, invece, vuol dire anche, se non prima, fine: la fine del percorso di tutela in comunit\u00e0 o affido.\" \/>\n<meta name=\"robots\" content=\"index, follow, max-snippet:-1, max-image-preview:large, max-video-preview:-1\" \/>\n<link rel=\"canonical\" href=\"https:\/\/www.fondazioneunipolis.org\/site\/news\/la-storia-di-elena-e-dei-care-leavers-in-italia\/\" \/>\n<meta property=\"og:locale\" content=\"it_IT\" \/>\n<meta property=\"og:type\" content=\"article\" \/>\n<meta property=\"og:title\" content=\"La storia di Elena e dei Care Leavers in Italia - Unipolis\" \/>\n<meta property=\"og:description\" content=\"Elena (nome di fantasia) ha appena compiuto 18 anni. Un compleanno che per molti coetanei significa libert\u00e0, nuovi inizi, sogni da inseguire. Per lei, invece, vuol dire anche, se non prima, fine: la fine del percorso di tutela in comunit\u00e0 o affido.\" \/>\n<meta property=\"og:url\" content=\"https:\/\/www.fondazioneunipolis.org\/site\/news\/la-storia-di-elena-e-dei-care-leavers-in-italia\/\" \/>\n<meta property=\"og:site_name\" content=\"Unipolis\" \/>\n<meta property=\"article:published_time\" content=\"2025-10-16T09:44:00+00:00\" \/>\n<meta property=\"article:modified_time\" content=\"2026-01-29T15:13:48+00:00\" \/>\n<meta property=\"og:image\" content=\"https:\/\/www.fondazioneunipolis.org\/site\/wp-content\/uploads\/2025\/12\/Caring-is-sharing_Lastoria-di-Elena-1.png\" \/>\n\t<meta property=\"og:image:width\" content=\"698\" \/>\n\t<meta property=\"og:image:height\" content=\"400\" \/>\n\t<meta property=\"og:image:type\" content=\"image\/png\" \/>\n<meta name=\"author\" content=\"Elisa Paluan\" \/>\n<meta name=\"twitter:card\" content=\"summary_large_image\" \/>\n<meta name=\"twitter:label1\" content=\"Written by\" \/>\n\t<meta name=\"twitter:data1\" content=\"Elisa Paluan\" \/>\n\t<meta name=\"twitter:label2\" content=\"Est. reading time\" \/>\n\t<meta name=\"twitter:data2\" content=\"2 minutes\" \/>\n<script type=\"application\/ld+json\" class=\"yoast-schema-graph\">{\"@context\":\"https:\/\/schema.org\",\"@graph\":[{\"@type\":\"Article\",\"@id\":\"https:\/\/www.fondazioneunipolis.org\/site\/news\/la-storia-di-elena-e-dei-care-leavers-in-italia\/#article\",\"isPartOf\":{\"@id\":\"https:\/\/www.fondazioneunipolis.org\/site\/news\/la-storia-di-elena-e-dei-care-leavers-in-italia\/\"},\"author\":{\"name\":\"Elisa Paluan\",\"@id\":\"https:\/\/www.fondazioneunipolis.org\/site\/#\/schema\/person\/fcced96d0e68417823bc1a4c4756e89d\"},\"headline\":\"La storia di Elena e dei Care Leavers in Italia\",\"datePublished\":\"2025-10-16T09:44:00+00:00\",\"dateModified\":\"2026-01-29T15:13:48+00:00\",\"mainEntityOfPage\":{\"@id\":\"https:\/\/www.fondazioneunipolis.org\/site\/news\/la-storia-di-elena-e-dei-care-leavers-in-italia\/\"},\"wordCount\":364,\"commentCount\":0,\"publisher\":{\"@id\":\"https:\/\/www.fondazioneunipolis.org\/site\/#organization\"},\"image\":{\"@id\":\"https:\/\/www.fondazioneunipolis.org\/site\/news\/la-storia-di-elena-e-dei-care-leavers-in-italia\/#primaryimage\"},\"thumbnailUrl\":\"https:\/\/www.fondazioneunipolis.org\/site\/wp-content\/uploads\/2025\/12\/Caring-is-sharing_Lastoria-di-Elena-1.png\",\"keywords\":[\"Bandoact24\",\"caring_is_sharing\"],\"articleSection\":[\"Disuguaglianze\"],\"inLanguage\":\"it-IT\",\"potentialAction\":[{\"@type\":\"CommentAction\",\"name\":\"Comment\",\"target\":[\"https:\/\/www.fondazioneunipolis.org\/site\/news\/la-storia-di-elena-e-dei-care-leavers-in-italia\/#respond\"]}]},{\"@type\":\"WebPage\",\"@id\":\"https:\/\/www.fondazioneunipolis.org\/site\/news\/la-storia-di-elena-e-dei-care-leavers-in-italia\/\",\"url\":\"https:\/\/www.fondazioneunipolis.org\/site\/news\/la-storia-di-elena-e-dei-care-leavers-in-italia\/\",\"name\":\"La storia di Elena e dei Care Leavers in Italia - Unipolis\",\"isPartOf\":{\"@id\":\"https:\/\/www.fondazioneunipolis.org\/site\/#website\"},\"primaryImageOfPage\":{\"@id\":\"https:\/\/www.fondazioneunipolis.org\/site\/news\/la-storia-di-elena-e-dei-care-leavers-in-italia\/#primaryimage\"},\"image\":{\"@id\":\"https:\/\/www.fondazioneunipolis.org\/site\/news\/la-storia-di-elena-e-dei-care-leavers-in-italia\/#primaryimage\"},\"thumbnailUrl\":\"https:\/\/www.fondazioneunipolis.org\/site\/wp-content\/uploads\/2025\/12\/Caring-is-sharing_Lastoria-di-Elena-1.png\",\"datePublished\":\"2025-10-16T09:44:00+00:00\",\"dateModified\":\"2026-01-29T15:13:48+00:00\",\"description\":\"Elena (nome di fantasia) ha appena compiuto 18 anni. Un compleanno che per molti coetanei significa libert\u00e0, nuovi inizi, sogni da inseguire. Per lei, invece, vuol dire anche, se non prima, fine: la fine del percorso di tutela in comunit\u00e0 o affido.\",\"breadcrumb\":{\"@id\":\"https:\/\/www.fondazioneunipolis.org\/site\/news\/la-storia-di-elena-e-dei-care-leavers-in-italia\/#breadcrumb\"},\"inLanguage\":\"it-IT\",\"potentialAction\":[{\"@type\":\"ReadAction\",\"target\":[\"https:\/\/www.fondazioneunipolis.org\/site\/news\/la-storia-di-elena-e-dei-care-leavers-in-italia\/\"]}]},{\"@type\":\"ImageObject\",\"inLanguage\":\"it-IT\",\"@id\":\"https:\/\/www.fondazioneunipolis.org\/site\/news\/la-storia-di-elena-e-dei-care-leavers-in-italia\/#primaryimage\",\"url\":\"https:\/\/www.fondazioneunipolis.org\/site\/wp-content\/uploads\/2025\/12\/Caring-is-sharing_Lastoria-di-Elena-1.png\",\"contentUrl\":\"https:\/\/www.fondazioneunipolis.org\/site\/wp-content\/uploads\/2025\/12\/Caring-is-sharing_Lastoria-di-Elena-1.png\",\"width\":698,\"height\":400},{\"@type\":\"BreadcrumbList\",\"@id\":\"https:\/\/www.fondazioneunipolis.org\/site\/news\/la-storia-di-elena-e-dei-care-leavers-in-italia\/#breadcrumb\",\"itemListElement\":[{\"@type\":\"ListItem\",\"position\":1,\"name\":\"Home\",\"item\":\"https:\/\/www.fondazioneunipolis.org\/site\/\"},{\"@type\":\"ListItem\",\"position\":2,\"name\":\"La storia di Elena e dei Care Leavers in Italia\"}]},{\"@type\":\"WebSite\",\"@id\":\"https:\/\/www.fondazioneunipolis.org\/site\/#website\",\"url\":\"https:\/\/www.fondazioneunipolis.org\/site\/\",\"name\":\"Unipolis\",\"description\":\"\",\"publisher\":{\"@id\":\"https:\/\/www.fondazioneunipolis.org\/site\/#organization\"},\"potentialAction\":[{\"@type\":\"SearchAction\",\"target\":{\"@type\":\"EntryPoint\",\"urlTemplate\":\"https:\/\/www.fondazioneunipolis.org\/site\/?s={search_term_string}\"},\"query-input\":{\"@type\":\"PropertyValueSpecification\",\"valueRequired\":true,\"valueName\":\"search_term_string\"}}],\"inLanguage\":\"it-IT\"},{\"@type\":\"Organization\",\"@id\":\"https:\/\/www.fondazioneunipolis.org\/site\/#organization\",\"name\":\"Unipolis\",\"url\":\"https:\/\/www.fondazioneunipolis.org\/site\/\",\"logo\":{\"@type\":\"ImageObject\",\"inLanguage\":\"it-IT\",\"@id\":\"https:\/\/www.fondazioneunipolis.org\/site\/#\/schema\/logo\/image\/\",\"url\":\"https:\/\/www.fondazioneunipolis.org\/site\/wp-content\/uploads\/2025\/07\/logo-fondazione-unipolis-1.svg\",\"contentUrl\":\"https:\/\/www.fondazioneunipolis.org\/site\/wp-content\/uploads\/2025\/07\/logo-fondazione-unipolis-1.svg\",\"caption\":\"Unipolis\"},\"image\":{\"@id\":\"https:\/\/www.fondazioneunipolis.org\/site\/#\/schema\/logo\/image\/\"}},{\"@type\":\"Person\",\"@id\":\"https:\/\/www.fondazioneunipolis.org\/site\/#\/schema\/person\/fcced96d0e68417823bc1a4c4756e89d\",\"name\":\"Elisa Paluan\",\"image\":{\"@type\":\"ImageObject\",\"inLanguage\":\"it-IT\",\"@id\":\"https:\/\/www.fondazioneunipolis.org\/site\/#\/schema\/person\/image\/\",\"url\":\"https:\/\/secure.gravatar.com\/avatar\/9808ad99bfcf6869670f37ed3dceaa27f2abfcb4dc6b9232760c9d28f353bd9a?s=96&d=mm&r=g\",\"contentUrl\":\"https:\/\/secure.gravatar.com\/avatar\/9808ad99bfcf6869670f37ed3dceaa27f2abfcb4dc6b9232760c9d28f353bd9a?s=96&d=mm&r=g\",\"caption\":\"Elisa Paluan\"},\"url\":\"https:\/\/www.fondazioneunipolis.org\/site\/author\/elisa-paluan\/\"}]}<\/script>\n<!-- \/ Yoast SEO plugin. -->","yoast_head_json":{"title":"La storia di Elena e dei Care Leavers in Italia - Unipolis","description":"Elena (nome di fantasia) ha appena compiuto 18 anni. Un compleanno che per molti coetanei significa libert\u00e0, nuovi inizi, sogni da inseguire. Per lei, invece, vuol dire anche, se non prima, fine: la fine del percorso di tutela in comunit\u00e0 o affido.","robots":{"index":"index","follow":"follow","max-snippet":"max-snippet:-1","max-image-preview":"max-image-preview:large","max-video-preview":"max-video-preview:-1"},"canonical":"https:\/\/www.fondazioneunipolis.org\/site\/news\/la-storia-di-elena-e-dei-care-leavers-in-italia\/","og_locale":"it_IT","og_type":"article","og_title":"La storia di Elena e dei Care Leavers in Italia - Unipolis","og_description":"Elena (nome di fantasia) ha appena compiuto 18 anni. Un compleanno che per molti coetanei significa libert\u00e0, nuovi inizi, sogni da inseguire. Per lei, invece, vuol dire anche, se non prima, fine: la fine del percorso di tutela in comunit\u00e0 o affido.","og_url":"https:\/\/www.fondazioneunipolis.org\/site\/news\/la-storia-di-elena-e-dei-care-leavers-in-italia\/","og_site_name":"Unipolis","article_published_time":"2025-10-16T09:44:00+00:00","article_modified_time":"2026-01-29T15:13:48+00:00","og_image":[{"width":698,"height":400,"url":"https:\/\/www.fondazioneunipolis.org\/site\/wp-content\/uploads\/2025\/12\/Caring-is-sharing_Lastoria-di-Elena-1.png","type":"image\/png"}],"author":"Elisa Paluan","twitter_card":"summary_large_image","twitter_misc":{"Written by":"Elisa Paluan","Est. reading time":"2 minutes"},"schema":{"@context":"https:\/\/schema.org","@graph":[{"@type":"Article","@id":"https:\/\/www.fondazioneunipolis.org\/site\/news\/la-storia-di-elena-e-dei-care-leavers-in-italia\/#article","isPartOf":{"@id":"https:\/\/www.fondazioneunipolis.org\/site\/news\/la-storia-di-elena-e-dei-care-leavers-in-italia\/"},"author":{"name":"Elisa Paluan","@id":"https:\/\/www.fondazioneunipolis.org\/site\/#\/schema\/person\/fcced96d0e68417823bc1a4c4756e89d"},"headline":"La storia di Elena e dei Care Leavers in Italia","datePublished":"2025-10-16T09:44:00+00:00","dateModified":"2026-01-29T15:13:48+00:00","mainEntityOfPage":{"@id":"https:\/\/www.fondazioneunipolis.org\/site\/news\/la-storia-di-elena-e-dei-care-leavers-in-italia\/"},"wordCount":364,"commentCount":0,"publisher":{"@id":"https:\/\/www.fondazioneunipolis.org\/site\/#organization"},"image":{"@id":"https:\/\/www.fondazioneunipolis.org\/site\/news\/la-storia-di-elena-e-dei-care-leavers-in-italia\/#primaryimage"},"thumbnailUrl":"https:\/\/www.fondazioneunipolis.org\/site\/wp-content\/uploads\/2025\/12\/Caring-is-sharing_Lastoria-di-Elena-1.png","keywords":["Bandoact24","caring_is_sharing"],"articleSection":["Disuguaglianze"],"inLanguage":"it-IT","potentialAction":[{"@type":"CommentAction","name":"Comment","target":["https:\/\/www.fondazioneunipolis.org\/site\/news\/la-storia-di-elena-e-dei-care-leavers-in-italia\/#respond"]}]},{"@type":"WebPage","@id":"https:\/\/www.fondazioneunipolis.org\/site\/news\/la-storia-di-elena-e-dei-care-leavers-in-italia\/","url":"https:\/\/www.fondazioneunipolis.org\/site\/news\/la-storia-di-elena-e-dei-care-leavers-in-italia\/","name":"La storia di Elena e dei Care Leavers in Italia - Unipolis","isPartOf":{"@id":"https:\/\/www.fondazioneunipolis.org\/site\/#website"},"primaryImageOfPage":{"@id":"https:\/\/www.fondazioneunipolis.org\/site\/news\/la-storia-di-elena-e-dei-care-leavers-in-italia\/#primaryimage"},"image":{"@id":"https:\/\/www.fondazioneunipolis.org\/site\/news\/la-storia-di-elena-e-dei-care-leavers-in-italia\/#primaryimage"},"thumbnailUrl":"https:\/\/www.fondazioneunipolis.org\/site\/wp-content\/uploads\/2025\/12\/Caring-is-sharing_Lastoria-di-Elena-1.png","datePublished":"2025-10-16T09:44:00+00:00","dateModified":"2026-01-29T15:13:48+00:00","description":"Elena (nome di fantasia) ha appena compiuto 18 anni. Un compleanno che per molti coetanei significa libert\u00e0, nuovi inizi, sogni da inseguire. Per lei, invece, vuol dire anche, se non prima, fine: la fine del percorso di tutela in comunit\u00e0 o affido.","breadcrumb":{"@id":"https:\/\/www.fondazioneunipolis.org\/site\/news\/la-storia-di-elena-e-dei-care-leavers-in-italia\/#breadcrumb"},"inLanguage":"it-IT","potentialAction":[{"@type":"ReadAction","target":["https:\/\/www.fondazioneunipolis.org\/site\/news\/la-storia-di-elena-e-dei-care-leavers-in-italia\/"]}]},{"@type":"ImageObject","inLanguage":"it-IT","@id":"https:\/\/www.fondazioneunipolis.org\/site\/news\/la-storia-di-elena-e-dei-care-leavers-in-italia\/#primaryimage","url":"https:\/\/www.fondazioneunipolis.org\/site\/wp-content\/uploads\/2025\/12\/Caring-is-sharing_Lastoria-di-Elena-1.png","contentUrl":"https:\/\/www.fondazioneunipolis.org\/site\/wp-content\/uploads\/2025\/12\/Caring-is-sharing_Lastoria-di-Elena-1.png","width":698,"height":400},{"@type":"BreadcrumbList","@id":"https:\/\/www.fondazioneunipolis.org\/site\/news\/la-storia-di-elena-e-dei-care-leavers-in-italia\/#breadcrumb","itemListElement":[{"@type":"ListItem","position":1,"name":"Home","item":"https:\/\/www.fondazioneunipolis.org\/site\/"},{"@type":"ListItem","position":2,"name":"La storia di Elena e dei Care Leavers in Italia"}]},{"@type":"WebSite","@id":"https:\/\/www.fondazioneunipolis.org\/site\/#website","url":"https:\/\/www.fondazioneunipolis.org\/site\/","name":"Unipolis","description":"","publisher":{"@id":"https:\/\/www.fondazioneunipolis.org\/site\/#organization"},"potentialAction":[{"@type":"SearchAction","target":{"@type":"EntryPoint","urlTemplate":"https:\/\/www.fondazioneunipolis.org\/site\/?s={search_term_string}"},"query-input":{"@type":"PropertyValueSpecification","valueRequired":true,"valueName":"search_term_string"}}],"inLanguage":"it-IT"},{"@type":"Organization","@id":"https:\/\/www.fondazioneunipolis.org\/site\/#organization","name":"Unipolis","url":"https:\/\/www.fondazioneunipolis.org\/site\/","logo":{"@type":"ImageObject","inLanguage":"it-IT","@id":"https:\/\/www.fondazioneunipolis.org\/site\/#\/schema\/logo\/image\/","url":"https:\/\/www.fondazioneunipolis.org\/site\/wp-content\/uploads\/2025\/07\/logo-fondazione-unipolis-1.svg","contentUrl":"https:\/\/www.fondazioneunipolis.org\/site\/wp-content\/uploads\/2025\/07\/logo-fondazione-unipolis-1.svg","caption":"Unipolis"},"image":{"@id":"https:\/\/www.fondazioneunipolis.org\/site\/#\/schema\/logo\/image\/"}},{"@type":"Person","@id":"https:\/\/www.fondazioneunipolis.org\/site\/#\/schema\/person\/fcced96d0e68417823bc1a4c4756e89d","name":"Elisa Paluan","image":{"@type":"ImageObject","inLanguage":"it-IT","@id":"https:\/\/www.fondazioneunipolis.org\/site\/#\/schema\/person\/image\/","url":"https:\/\/secure.gravatar.com\/avatar\/9808ad99bfcf6869670f37ed3dceaa27f2abfcb4dc6b9232760c9d28f353bd9a?s=96&d=mm&r=g","contentUrl":"https:\/\/secure.gravatar.com\/avatar\/9808ad99bfcf6869670f37ed3dceaa27f2abfcb4dc6b9232760c9d28f353bd9a?s=96&d=mm&r=g","caption":"Elisa Paluan"},"url":"https:\/\/www.fondazioneunipolis.org\/site\/author\/elisa-paluan\/"}]}},"_links":{"self":[{"href":"https:\/\/www.fondazioneunipolis.org\/site\/wp-json\/wp\/v2\/posts\/11287","targetHints":{"allow":["GET"]}}],"collection":[{"href":"https:\/\/www.fondazioneunipolis.org\/site\/wp-json\/wp\/v2\/posts"}],"about":[{"href":"https:\/\/www.fondazioneunipolis.org\/site\/wp-json\/wp\/v2\/types\/post"}],"author":[{"embeddable":true,"href":"https:\/\/www.fondazioneunipolis.org\/site\/wp-json\/wp\/v2\/users\/5"}],"replies":[{"embeddable":true,"href":"https:\/\/www.fondazioneunipolis.org\/site\/wp-json\/wp\/v2\/comments?post=11287"}],"version-history":[{"count":4,"href":"https:\/\/www.fondazioneunipolis.org\/site\/wp-json\/wp\/v2\/posts\/11287\/revisions"}],"predecessor-version":[{"id":11823,"href":"https:\/\/www.fondazioneunipolis.org\/site\/wp-json\/wp\/v2\/posts\/11287\/revisions\/11823"}],"wp:featuredmedia":[{"embeddable":true,"href":"https:\/\/www.fondazioneunipolis.org\/site\/wp-json\/wp\/v2\/media\/11294"}],"wp:attachment":[{"href":"https:\/\/www.fondazioneunipolis.org\/site\/wp-json\/wp\/v2\/media?parent=11287"}],"wp:term":[{"taxonomy":"category","embeddable":true,"href":"https:\/\/www.fondazioneunipolis.org\/site\/wp-json\/wp\/v2\/categories?post=11287"},{"taxonomy":"post_tag","embeddable":true,"href":"https:\/\/www.fondazioneunipolis.org\/site\/wp-json\/wp\/v2\/tags?post=11287"}],"curies":[{"name":"wp","href":"https:\/\/api.w.org\/{rel}","templated":true}]}}