{"id":11270,"date":"2025-10-23T11:20:00","date_gmt":"2025-10-23T09:20:00","guid":{"rendered":"https:\/\/www.fondazioneunipolis.org\/site\/?p=11270"},"modified":"2025-12-29T11:36:53","modified_gmt":"2025-12-29T10:36:53","slug":"la-bella-storia-di-christian","status":"publish","type":"post","link":"https:\/\/www.fondazioneunipolis.org\/site\/news\/la-bella-storia-di-christian\/","title":{"rendered":"La Bella storia di Christian"},"content":{"rendered":"\n<p><em>&#8220;\u200b\u200b\u200bGrazie a Bella storia ho imparato che la fiducia in s\u00e9 stessi non nasce dall&#8217;essere perfetti, ma dal riconoscere il proprio valore.&#8221;<\/em><\/p>\n\n\n\n<p>Christian Francesco Vilasi ha 18 anni e vive a&nbsp;<strong>Reggio Calabria<\/strong>. Partecipando per tre anni a&nbsp;<strong><a href=\"https:\/\/www.fondazioneunipolis.org\/bellastoria\" target=\"_blank\" rel=\"noreferrer noopener\">Bella storia. La tua<\/a><\/strong>&nbsp;\u2013 il percorso di empowerment dedicato a ragaz ze e ragazzi provenienti da Campania e Calabria per divenire pi\u00f9 consapevoli, pi\u00f9 proattivi, pi\u00f9 abili&nbsp;\u2013 ha imparato a&nbsp;<strong>credere di pi\u00f9 nelle proprie capacit\u00e0, a valorizzare la propria sensibilit\u00e0 e a riconoscere la forza che nasce dal confronto con gli altri<\/strong>.<\/p>\n\n\n\n<p>Sin dall&#8217;inizio del suo percorso in \u201cBella storia&#8221;, Christian ha mostrato un vivo interesse per le relazioni interpersonali, distinguendosi per la sua naturale empatia e per la capacit\u00e0 di ascolto attento verso gli altri. Queste qualit\u00e0 lo hanno sempre reso un punto di riferimento all&#8217;interno del gruppo, permettendogli di costruire legami autentici e di favorire il dialogo tra i partecipanti.<\/p>\n\n\n\n<p>\u00c8 stato per\u00f2 durante il secondo anno del progetto che Christian ha vissuto un cambiamento particolarmente significativo. Partecipando alla\u00a0<strong>Palestra di competenze<\/strong>, curata per la seconda annualit\u00e0 da\u00a0<strong><a href=\"https:\/\/www.ashoka.org\/it-it\" target=\"_blank\" rel=\"noreferrer noopener\">Ashoka Italia<\/a><\/strong>\u00a0\u2013 l&#8217;organizzazione internazionale che promuove il protagonismo giovanile e accompagna ragazze e ragazzi nel diventare changemaker \u2013 Christian si \u00e8 trovato a riflettere pi\u00f9 a fondo sulle proprie capacit\u00e0 e sul proprio ruolo all&#8217;interno della comunit\u00e0.<\/p>\n\n\n\n<p>In questo contesto, ha avuto modo di identificare e raccontare il proprio \u201c<em>Ah-ah moment<\/em>&#8220;, ossia quell&#8217;istante di illuminazione in cui&nbsp;<strong>ha riconosciuto di possedere un potenziale come attore del cambiamento<\/strong>. Questa consapevolezza ha rapp\u200bresentato una svolta nella sua crescita personale, segnando l&#8217;inizio di un percorso che lo ha condotto ad avvicinarsi con interesse sempre maggiore alla&nbsp;<strong>psicologia<\/strong>, materia che oggi studia all&#8217;Universit\u00e0.<\/p>\n\n\n\n<p>Durante il percorso Christian ha sviluppato&nbsp;<strong>proattivit\u00e0, fiducia e spirito di iniziativa<\/strong>, ha compreso che la fiducia non \u00e8 solo qualcosa da conquistare, ma anche da restituire. Da allora guarda al futuro con maggiore consapevolezza, convinto che credere in s\u00e9 stessi significhi anche mettersi al servizio degli altri.<\/p>\n\n\n\n<p>Nel video racconta come questo cammino lo abbia aiutato a conoscersi meglio, a superare le proprie insicurezze e a scoprire nuove passioni e obiettivi.\u200b<\/p>\n\n\n\n<iframe loading=\"lazy\" width=\"560\" height=\"315\" src=\"https:\/\/www.youtube.com\/embed\/RTJfnvYytKk?si=BU7UD4mVXA1sLee_\" title=\"YouTube video player\" frameborder=\"0\" allow=\"accelerometer; autoplay; clipboard-write; encrypted-media; gyroscope; picture-in-picture; web-share\" referrerpolicy=\"strict-origin-when-cross-origin\" allowfullscreen><\/iframe>\n\n\n\n<p><\/p>\n","protected":false},"excerpt":{"rendered":"<p>&#8220;\u200b\u200b\u200bGrazie a Bella storia ho imparato che la fiducia in s\u00e9 stessi non nasce dall&#8217;essere perfetti, ma dal riconoscere il proprio valore.&#8221; Christian Francesco Vilasi ha 18 anni e vive a&nbsp;Reggio Calabria. Partecipando per tre anni a&nbsp;Bella storia. La tua&nbsp;\u2013 il percorso di empowerment dedicato a ragaz ze e ragazzi provenienti da Campania e Calabria [&hellip;]<\/p>\n","protected":false},"author":5,"featured_media":11271,"comment_status":"open","ping_status":"open","sticky":false,"template":"","format":"standard","meta":{"_acf_changed":false,"footnotes":""},"categories":[6],"tags":[640],"class_list":["post-11270","post","type-post","status-publish","format-standard","has-post-thumbnail","hentry","category-disuguaglianze","tag-bellastoria"],"acf":[],"yoast_head":"<!-- This site is optimized with the Yoast SEO plugin v26.1.1 - https:\/\/yoast.com\/wordpress\/plugins\/seo\/ -->\n<title>La Bella storia di Christian - Unipolis<\/title>\n<meta name=\"description\" content=\"Christian Francesco Vilasi ha 18 anni e vive a Reggio Calabria. Partecipando per tre anni a Bella storia. La tua ha imparato a credere di pi\u00f9 nelle proprie capacit\u00e0 e a riconoscere la forza che nasce dal confronto con gli altri.\" \/>\n<meta name=\"robots\" content=\"index, follow, max-snippet:-1, max-image-preview:large, max-video-preview:-1\" \/>\n<link rel=\"canonical\" href=\"https:\/\/www.fondazioneunipolis.org\/site\/la-bella-storia-di-christian\/\" \/>\n<meta property=\"og:locale\" content=\"it_IT\" \/>\n<meta property=\"og:type\" content=\"article\" \/>\n<meta property=\"og:title\" content=\"La Bella storia di Christian - Unipolis\" \/>\n<meta property=\"og:description\" content=\"Christian Francesco Vilasi ha 18 anni e vive a Reggio Calabria. Partecipando per tre anni a Bella storia. La tua ha imparato a credere di pi\u00f9 nelle proprie capacit\u00e0 e a riconoscere la forza che nasce dal confronto con gli altri.\" \/>\n<meta property=\"og:url\" content=\"https:\/\/dx-factory-unipolis-corporate-wp.ha.servizi.gr-u.it\/site\/la-bella-storia-di-christian\/\" \/>\n<meta property=\"og:site_name\" content=\"Unipolis\" \/>\n<meta property=\"article:published_time\" content=\"2025-10-23T09:20:00+00:00\" \/>\n<meta property=\"article:modified_time\" content=\"2025-12-29T10:36:53+00:00\" \/>\n<meta property=\"og:image\" content=\"https:\/\/dx-factory-unipolis-corporate-wp.ha.servizi.gr-u.it\/site\/wp-content\/uploads\/2025\/12\/Christian_BS1.png\" \/>\n\t<meta property=\"og:image:width\" content=\"1440\" \/>\n\t<meta property=\"og:image:height\" content=\"900\" \/>\n\t<meta property=\"og:image:type\" content=\"image\/png\" \/>\n<meta name=\"author\" content=\"Elisa Paluan\" \/>\n<meta name=\"twitter:card\" content=\"summary_large_image\" \/>\n<meta name=\"twitter:label1\" content=\"Written by\" \/>\n\t<meta name=\"twitter:data1\" content=\"Elisa Paluan\" \/>\n\t<meta name=\"twitter:label2\" content=\"Est. reading time\" \/>\n\t<meta name=\"twitter:data2\" content=\"3 minutes\" \/>\n<script type=\"application\/ld+json\" class=\"yoast-schema-graph\">{\"@context\":\"https:\/\/schema.org\",\"@graph\":[{\"@type\":\"Article\",\"@id\":\"https:\/\/dx-factory-unipolis-corporate-wp.ha.servizi.gr-u.it\/site\/la-bella-storia-di-christian\/#article\",\"isPartOf\":{\"@id\":\"https:\/\/dx-factory-unipolis-corporate-wp.ha.servizi.gr-u.it\/site\/la-bella-storia-di-christian\/\"},\"author\":{\"name\":\"Elisa Paluan\",\"@id\":\"https:\/\/www.fondazioneunipolis.org\/site\/#\/schema\/person\/fcced96d0e68417823bc1a4c4756e89d\"},\"headline\":\"La Bella storia di Christian\",\"datePublished\":\"2025-10-23T09:20:00+00:00\",\"dateModified\":\"2025-12-29T10:36:53+00:00\",\"mainEntityOfPage\":{\"@id\":\"https:\/\/dx-factory-unipolis-corporate-wp.ha.servizi.gr-u.it\/site\/la-bella-storia-di-christian\/\"},\"wordCount\":367,\"commentCount\":0,\"publisher\":{\"@id\":\"https:\/\/www.fondazioneunipolis.org\/site\/#organization\"},\"image\":{\"@id\":\"https:\/\/dx-factory-unipolis-corporate-wp.ha.servizi.gr-u.it\/site\/la-bella-storia-di-christian\/#primaryimage\"},\"thumbnailUrl\":\"https:\/\/www.fondazioneunipolis.org\/site\/wp-content\/uploads\/2025\/12\/Christian_BS1.png\",\"keywords\":[\"bellastoria\"],\"articleSection\":[\"Disuguaglianze\"],\"inLanguage\":\"it-IT\",\"potentialAction\":[{\"@type\":\"CommentAction\",\"name\":\"Comment\",\"target\":[\"https:\/\/dx-factory-unipolis-corporate-wp.ha.servizi.gr-u.it\/site\/la-bella-storia-di-christian\/#respond\"]}]},{\"@type\":\"WebPage\",\"@id\":\"https:\/\/dx-factory-unipolis-corporate-wp.ha.servizi.gr-u.it\/site\/la-bella-storia-di-christian\/\",\"url\":\"https:\/\/dx-factory-unipolis-corporate-wp.ha.servizi.gr-u.it\/site\/la-bella-storia-di-christian\/\",\"name\":\"La Bella storia di Christian - Unipolis\",\"isPartOf\":{\"@id\":\"https:\/\/www.fondazioneunipolis.org\/site\/#website\"},\"primaryImageOfPage\":{\"@id\":\"https:\/\/dx-factory-unipolis-corporate-wp.ha.servizi.gr-u.it\/site\/la-bella-storia-di-christian\/#primaryimage\"},\"image\":{\"@id\":\"https:\/\/dx-factory-unipolis-corporate-wp.ha.servizi.gr-u.it\/site\/la-bella-storia-di-christian\/#primaryimage\"},\"thumbnailUrl\":\"https:\/\/www.fondazioneunipolis.org\/site\/wp-content\/uploads\/2025\/12\/Christian_BS1.png\",\"datePublished\":\"2025-10-23T09:20:00+00:00\",\"dateModified\":\"2025-12-29T10:36:53+00:00\",\"description\":\"Christian Francesco Vilasi ha 18 anni e vive a Reggio Calabria. Partecipando per tre anni a Bella storia. La tua ha imparato a credere di pi\u00f9 nelle proprie capacit\u00e0 e a riconoscere la forza che nasce dal confronto con gli altri.\",\"breadcrumb\":{\"@id\":\"https:\/\/dx-factory-unipolis-corporate-wp.ha.servizi.gr-u.it\/site\/la-bella-storia-di-christian\/#breadcrumb\"},\"inLanguage\":\"it-IT\",\"potentialAction\":[{\"@type\":\"ReadAction\",\"target\":[\"https:\/\/dx-factory-unipolis-corporate-wp.ha.servizi.gr-u.it\/site\/la-bella-storia-di-christian\/\"]}]},{\"@type\":\"ImageObject\",\"inLanguage\":\"it-IT\",\"@id\":\"https:\/\/dx-factory-unipolis-corporate-wp.ha.servizi.gr-u.it\/site\/la-bella-storia-di-christian\/#primaryimage\",\"url\":\"https:\/\/www.fondazioneunipolis.org\/site\/wp-content\/uploads\/2025\/12\/Christian_BS1.png\",\"contentUrl\":\"https:\/\/www.fondazioneunipolis.org\/site\/wp-content\/uploads\/2025\/12\/Christian_BS1.png\",\"width\":1440,\"height\":900},{\"@type\":\"BreadcrumbList\",\"@id\":\"https:\/\/dx-factory-unipolis-corporate-wp.ha.servizi.gr-u.it\/site\/la-bella-storia-di-christian\/#breadcrumb\",\"itemListElement\":[{\"@type\":\"ListItem\",\"position\":1,\"name\":\"Home\",\"item\":\"https:\/\/www.fondazioneunipolis.org\/site\/\"},{\"@type\":\"ListItem\",\"position\":2,\"name\":\"La Bella storia di Christian\"}]},{\"@type\":\"WebSite\",\"@id\":\"https:\/\/www.fondazioneunipolis.org\/site\/#website\",\"url\":\"https:\/\/www.fondazioneunipolis.org\/site\/\",\"name\":\"Unipolis\",\"description\":\"\",\"publisher\":{\"@id\":\"https:\/\/www.fondazioneunipolis.org\/site\/#organization\"},\"potentialAction\":[{\"@type\":\"SearchAction\",\"target\":{\"@type\":\"EntryPoint\",\"urlTemplate\":\"https:\/\/www.fondazioneunipolis.org\/site\/?s={search_term_string}\"},\"query-input\":{\"@type\":\"PropertyValueSpecification\",\"valueRequired\":true,\"valueName\":\"search_term_string\"}}],\"inLanguage\":\"it-IT\"},{\"@type\":\"Organization\",\"@id\":\"https:\/\/www.fondazioneunipolis.org\/site\/#organization\",\"name\":\"Unipolis\",\"url\":\"https:\/\/www.fondazioneunipolis.org\/site\/\",\"logo\":{\"@type\":\"ImageObject\",\"inLanguage\":\"it-IT\",\"@id\":\"https:\/\/www.fondazioneunipolis.org\/site\/#\/schema\/logo\/image\/\",\"url\":\"https:\/\/www.fondazioneunipolis.org\/site\/wp-content\/uploads\/2025\/07\/logo-fondazione-unipolis-1.svg\",\"contentUrl\":\"https:\/\/www.fondazioneunipolis.org\/site\/wp-content\/uploads\/2025\/07\/logo-fondazione-unipolis-1.svg\",\"caption\":\"Unipolis\"},\"image\":{\"@id\":\"https:\/\/www.fondazioneunipolis.org\/site\/#\/schema\/logo\/image\/\"}},{\"@type\":\"Person\",\"@id\":\"https:\/\/www.fondazioneunipolis.org\/site\/#\/schema\/person\/fcced96d0e68417823bc1a4c4756e89d\",\"name\":\"Elisa Paluan\",\"image\":{\"@type\":\"ImageObject\",\"inLanguage\":\"it-IT\",\"@id\":\"https:\/\/www.fondazioneunipolis.org\/site\/#\/schema\/person\/image\/\",\"url\":\"https:\/\/secure.gravatar.com\/avatar\/9808ad99bfcf6869670f37ed3dceaa27f2abfcb4dc6b9232760c9d28f353bd9a?s=96&d=mm&r=g\",\"contentUrl\":\"https:\/\/secure.gravatar.com\/avatar\/9808ad99bfcf6869670f37ed3dceaa27f2abfcb4dc6b9232760c9d28f353bd9a?s=96&d=mm&r=g\",\"caption\":\"Elisa Paluan\"},\"url\":\"https:\/\/www.fondazioneunipolis.org\/site\/author\/elisa-paluan\/\"}]}<\/script>\n<!-- \/ Yoast SEO plugin. -->","yoast_head_json":{"title":"La Bella storia di Christian - Unipolis","description":"Christian Francesco Vilasi ha 18 anni e vive a Reggio Calabria. Partecipando per tre anni a Bella storia. La tua ha imparato a credere di pi\u00f9 nelle proprie capacit\u00e0 e a riconoscere la forza che nasce dal confronto con gli altri.","robots":{"index":"index","follow":"follow","max-snippet":"max-snippet:-1","max-image-preview":"max-image-preview:large","max-video-preview":"max-video-preview:-1"},"canonical":"https:\/\/www.fondazioneunipolis.org\/site\/la-bella-storia-di-christian\/","og_locale":"it_IT","og_type":"article","og_title":"La Bella storia di Christian - Unipolis","og_description":"Christian Francesco Vilasi ha 18 anni e vive a Reggio Calabria. Partecipando per tre anni a Bella storia. La tua ha imparato a credere di pi\u00f9 nelle proprie capacit\u00e0 e a riconoscere la forza che nasce dal confronto con gli altri.","og_url":"https:\/\/dx-factory-unipolis-corporate-wp.ha.servizi.gr-u.it\/site\/la-bella-storia-di-christian\/","og_site_name":"Unipolis","article_published_time":"2025-10-23T09:20:00+00:00","article_modified_time":"2025-12-29T10:36:53+00:00","og_image":[{"width":1440,"height":900,"url":"https:\/\/dx-factory-unipolis-corporate-wp.ha.servizi.gr-u.it\/site\/wp-content\/uploads\/2025\/12\/Christian_BS1.png","type":"image\/png"}],"author":"Elisa Paluan","twitter_card":"summary_large_image","twitter_misc":{"Written by":"Elisa Paluan","Est. reading time":"3 minutes"},"schema":{"@context":"https:\/\/schema.org","@graph":[{"@type":"Article","@id":"https:\/\/dx-factory-unipolis-corporate-wp.ha.servizi.gr-u.it\/site\/la-bella-storia-di-christian\/#article","isPartOf":{"@id":"https:\/\/dx-factory-unipolis-corporate-wp.ha.servizi.gr-u.it\/site\/la-bella-storia-di-christian\/"},"author":{"name":"Elisa Paluan","@id":"https:\/\/www.fondazioneunipolis.org\/site\/#\/schema\/person\/fcced96d0e68417823bc1a4c4756e89d"},"headline":"La Bella storia di Christian","datePublished":"2025-10-23T09:20:00+00:00","dateModified":"2025-12-29T10:36:53+00:00","mainEntityOfPage":{"@id":"https:\/\/dx-factory-unipolis-corporate-wp.ha.servizi.gr-u.it\/site\/la-bella-storia-di-christian\/"},"wordCount":367,"commentCount":0,"publisher":{"@id":"https:\/\/www.fondazioneunipolis.org\/site\/#organization"},"image":{"@id":"https:\/\/dx-factory-unipolis-corporate-wp.ha.servizi.gr-u.it\/site\/la-bella-storia-di-christian\/#primaryimage"},"thumbnailUrl":"https:\/\/www.fondazioneunipolis.org\/site\/wp-content\/uploads\/2025\/12\/Christian_BS1.png","keywords":["bellastoria"],"articleSection":["Disuguaglianze"],"inLanguage":"it-IT","potentialAction":[{"@type":"CommentAction","name":"Comment","target":["https:\/\/dx-factory-unipolis-corporate-wp.ha.servizi.gr-u.it\/site\/la-bella-storia-di-christian\/#respond"]}]},{"@type":"WebPage","@id":"https:\/\/dx-factory-unipolis-corporate-wp.ha.servizi.gr-u.it\/site\/la-bella-storia-di-christian\/","url":"https:\/\/dx-factory-unipolis-corporate-wp.ha.servizi.gr-u.it\/site\/la-bella-storia-di-christian\/","name":"La Bella storia di Christian - Unipolis","isPartOf":{"@id":"https:\/\/www.fondazioneunipolis.org\/site\/#website"},"primaryImageOfPage":{"@id":"https:\/\/dx-factory-unipolis-corporate-wp.ha.servizi.gr-u.it\/site\/la-bella-storia-di-christian\/#primaryimage"},"image":{"@id":"https:\/\/dx-factory-unipolis-corporate-wp.ha.servizi.gr-u.it\/site\/la-bella-storia-di-christian\/#primaryimage"},"thumbnailUrl":"https:\/\/www.fondazioneunipolis.org\/site\/wp-content\/uploads\/2025\/12\/Christian_BS1.png","datePublished":"2025-10-23T09:20:00+00:00","dateModified":"2025-12-29T10:36:53+00:00","description":"Christian Francesco Vilasi ha 18 anni e vive a Reggio Calabria. Partecipando per tre anni a Bella storia. La tua ha imparato a credere di pi\u00f9 nelle proprie capacit\u00e0 e a riconoscere la forza che nasce dal confronto con gli altri.","breadcrumb":{"@id":"https:\/\/dx-factory-unipolis-corporate-wp.ha.servizi.gr-u.it\/site\/la-bella-storia-di-christian\/#breadcrumb"},"inLanguage":"it-IT","potentialAction":[{"@type":"ReadAction","target":["https:\/\/dx-factory-unipolis-corporate-wp.ha.servizi.gr-u.it\/site\/la-bella-storia-di-christian\/"]}]},{"@type":"ImageObject","inLanguage":"it-IT","@id":"https:\/\/dx-factory-unipolis-corporate-wp.ha.servizi.gr-u.it\/site\/la-bella-storia-di-christian\/#primaryimage","url":"https:\/\/www.fondazioneunipolis.org\/site\/wp-content\/uploads\/2025\/12\/Christian_BS1.png","contentUrl":"https:\/\/www.fondazioneunipolis.org\/site\/wp-content\/uploads\/2025\/12\/Christian_BS1.png","width":1440,"height":900},{"@type":"BreadcrumbList","@id":"https:\/\/dx-factory-unipolis-corporate-wp.ha.servizi.gr-u.it\/site\/la-bella-storia-di-christian\/#breadcrumb","itemListElement":[{"@type":"ListItem","position":1,"name":"Home","item":"https:\/\/www.fondazioneunipolis.org\/site\/"},{"@type":"ListItem","position":2,"name":"La Bella storia di Christian"}]},{"@type":"WebSite","@id":"https:\/\/www.fondazioneunipolis.org\/site\/#website","url":"https:\/\/www.fondazioneunipolis.org\/site\/","name":"Unipolis","description":"","publisher":{"@id":"https:\/\/www.fondazioneunipolis.org\/site\/#organization"},"potentialAction":[{"@type":"SearchAction","target":{"@type":"EntryPoint","urlTemplate":"https:\/\/www.fondazioneunipolis.org\/site\/?s={search_term_string}"},"query-input":{"@type":"PropertyValueSpecification","valueRequired":true,"valueName":"search_term_string"}}],"inLanguage":"it-IT"},{"@type":"Organization","@id":"https:\/\/www.fondazioneunipolis.org\/site\/#organization","name":"Unipolis","url":"https:\/\/www.fondazioneunipolis.org\/site\/","logo":{"@type":"ImageObject","inLanguage":"it-IT","@id":"https:\/\/www.fondazioneunipolis.org\/site\/#\/schema\/logo\/image\/","url":"https:\/\/www.fondazioneunipolis.org\/site\/wp-content\/uploads\/2025\/07\/logo-fondazione-unipolis-1.svg","contentUrl":"https:\/\/www.fondazioneunipolis.org\/site\/wp-content\/uploads\/2025\/07\/logo-fondazione-unipolis-1.svg","caption":"Unipolis"},"image":{"@id":"https:\/\/www.fondazioneunipolis.org\/site\/#\/schema\/logo\/image\/"}},{"@type":"Person","@id":"https:\/\/www.fondazioneunipolis.org\/site\/#\/schema\/person\/fcced96d0e68417823bc1a4c4756e89d","name":"Elisa Paluan","image":{"@type":"ImageObject","inLanguage":"it-IT","@id":"https:\/\/www.fondazioneunipolis.org\/site\/#\/schema\/person\/image\/","url":"https:\/\/secure.gravatar.com\/avatar\/9808ad99bfcf6869670f37ed3dceaa27f2abfcb4dc6b9232760c9d28f353bd9a?s=96&d=mm&r=g","contentUrl":"https:\/\/secure.gravatar.com\/avatar\/9808ad99bfcf6869670f37ed3dceaa27f2abfcb4dc6b9232760c9d28f353bd9a?s=96&d=mm&r=g","caption":"Elisa Paluan"},"url":"https:\/\/www.fondazioneunipolis.org\/site\/author\/elisa-paluan\/"}]}},"_links":{"self":[{"href":"https:\/\/www.fondazioneunipolis.org\/site\/wp-json\/wp\/v2\/posts\/11270","targetHints":{"allow":["GET"]}}],"collection":[{"href":"https:\/\/www.fondazioneunipolis.org\/site\/wp-json\/wp\/v2\/posts"}],"about":[{"href":"https:\/\/www.fondazioneunipolis.org\/site\/wp-json\/wp\/v2\/types\/post"}],"author":[{"embeddable":true,"href":"https:\/\/www.fondazioneunipolis.org\/site\/wp-json\/wp\/v2\/users\/5"}],"replies":[{"embeddable":true,"href":"https:\/\/www.fondazioneunipolis.org\/site\/wp-json\/wp\/v2\/comments?post=11270"}],"version-history":[{"count":4,"href":"https:\/\/www.fondazioneunipolis.org\/site\/wp-json\/wp\/v2\/posts\/11270\/revisions"}],"predecessor-version":[{"id":11280,"href":"https:\/\/www.fondazioneunipolis.org\/site\/wp-json\/wp\/v2\/posts\/11270\/revisions\/11280"}],"wp:featuredmedia":[{"embeddable":true,"href":"https:\/\/www.fondazioneunipolis.org\/site\/wp-json\/wp\/v2\/media\/11271"}],"wp:attachment":[{"href":"https:\/\/www.fondazioneunipolis.org\/site\/wp-json\/wp\/v2\/media?parent=11270"}],"wp:term":[{"taxonomy":"category","embeddable":true,"href":"https:\/\/www.fondazioneunipolis.org\/site\/wp-json\/wp\/v2\/categories?post=11270"},{"taxonomy":"post_tag","embeddable":true,"href":"https:\/\/www.fondazioneunipolis.org\/site\/wp-json\/wp\/v2\/tags?post=11270"}],"curies":[{"name":"wp","href":"https:\/\/api.w.org\/{rel}","templated":true}]}}