{"id":10830,"date":"2025-10-21T15:07:00","date_gmt":"2025-10-21T13:07:00","guid":{"rendered":"https:\/\/www.fondazioneunipolis.org\/site\/?p=10830"},"modified":"2025-12-29T10:24:52","modified_gmt":"2025-12-29T09:24:52","slug":"presentato-a-firenze-il-libro-convivere-sulla-strada","status":"publish","type":"post","link":"https:\/\/www.fondazioneunipolis.org\/site\/news\/presentato-a-firenze-il-libro-convivere-sulla-strada\/","title":{"rendered":"Presentato a Firenze il libro &#8220;ConVIVERE sulLA STRADA&#8221;"},"content":{"rendered":"\n<h4 class=\"wp-block-heading\">Sicurezza stradale: presentato il libro di testo per insegnanti. Accompagna il primo corso nazionale per docenti. \u00c8 parte del progetto nazionale di educazione alla mobilit\u00e0 stradale sicura \u201cDai val\u200bore alla vita&#8221; promosso dell&#8217;Associazione Lorenzo Guarnieri onlus.<\/h4>\n\n\n\n<p>Si intitola \u201c<strong>ConVIVERE sulLA STRADA<\/strong>&#8221; il libro curato da Stefano Guarnieri che accompagna il&nbsp;<strong>primo progetto nazionale di formazione gratuita per docenti delle scuole primarie e secondarie italiane sul tema della sicurezza stradale<\/strong>&nbsp;che prender\u00e0 avvio in questo anno scolastico 2025\/26.<\/p>\n\n\n\n<p>Il volume \u00e8 stato presentato in anteprima questa mattina a Firenze dalla&nbsp;<strong>sindaca di Firenze Sara Funaro<\/strong>, dalla&nbsp;<strong>consigliera delegata della Fondazione Unipolis Marisa Parmigiani&nbsp;<\/strong>e da&nbsp;<strong>Stefania e Stefano Guarnieri<\/strong>&nbsp;rispettivamente presidente e vicepresidente dell&#8217;<strong>Associazione Lorenzo Guarnieri onlus<\/strong>, che sta promuovendo un&#8217;iniziativa nazionale di formazione per studenti e insegnanti delle scuole italiane sul tema della sicurezza stradale.<\/p>\n\n\n\n<p>Il progetto del corso e del volume \u00e8 stato finanziato dall&#8217;Associazione Lorenzo Guarnieri onlus, grazie al contributo di&nbsp;<strong>Fondazione Unipolis<\/strong>&nbsp;attraverso il Bando Act 2024. Il libro \u00e8 edito da Giunti. Il lavoro di progettazione e realizzazione del corso \u00e8 stato effettuato dall&#8217;Associazione Lorenzo Guarnieri insieme a&nbsp;<strong>La Fabbrica<\/strong>&nbsp;&#8211; esperti nel settore scuola di formazione dei docenti &#8211; e grazie all&#8217;aiuto di tanti amici dell&#8217;Associazione come l&#8217;<strong>Associazione Sostenitori e Amici della Polizia Stradale<\/strong>.<\/p>\n\n\n\n<p><strong>Dai valore alla vita. Strumenti e metodologie per l&#8217;insegnamento dell&#8217;educazione stradale<\/strong>&nbsp;\u00e8 un corso online, gratuito e della durata di 40 ore, fruibile dai docenti attraverso la piattaforma&nbsp;<strong>scuola.net<\/strong>.<\/p>\n\n\n\n<p>Il corso e il libro affrontano entrambi l&#8217;<strong>educazione stradale come parte integrante dell&#8217;educazione civica e della legalit\u00e0<\/strong>, analizzando la mobilit\u00e0 stradale nella sua evoluzione storica e nei rischi connessi ai suoi cambiamenti, con uno sguardo alla mobilit\u00e0 stradale del futuro. Al centro del percorso c&#8217;\u00e8 la presa di coscienza&nbsp;<strong>dell&#8217;enorme impatto umano, sociale ed economico della violenza stradale sulla collettivit\u00e0<\/strong>, approfondita attraverso testimonianze dirette di esperti provenienti dalla Polizia Stradale, dal mondo del giornalismo, dalle Universit\u00e0 e dalla scuola. Il messaggio conclusivo \u00e8 rappresentato dalla&nbsp;<strong>necessit\u00e0 di cambiare il nostro sistema di mobilit\u00e0 stradale per renderlo intrinsecamente sicuro<\/strong>, cio\u00e8 in grado di prevenire tutti quei comportamenti capaci di ferire o uccidere altri utenti della strada.<\/p>\n\n\n\n<p>Il corso contiene anche un modulo operativo che fornisce schede didattiche con risorse concrete per diversi educare alla mobilit\u00e0 sicura diversi gradi scolastici, come ad esempio: un&nbsp;<strong>progetto di \u201cFormazione scuola lavoro (ex PCTO) per le scuole superiori e un gioco denominato SICURAMENTE per i bambini delle primarie<\/strong>. La finalit\u00e0 \u00e8 quella di trasformare le conoscenze acquisite dai docenti in attivit\u00e0 concrete da proporre in classe, stimolando il coinvolgimento diretto degli studenti.<\/p>\n\n\n\n<p>Riconosciuto dal Ministero dell&#8217;Istruzione e del Merito ai sensi della D.M. 170 del 21 marzo 2016, il corso attesta al docente 40 ore di formazione utili ad arricchire il proprio portfolio professionale.<\/p>\n\n\n\n<p>Infine, per tutti i docenti che completano il corso \u00e8 previsto l&#8217;<strong>invio gratuito di una copia del libro&nbsp;<\/strong>(fino ad esaurimento scorte) curato da Stefano Guarnieri e edito da Giunti, con i contributi di Giordano Biserni, Pierluigi Cordellieri, Marco Gasperetti, Stefania Lorenzini, Marisa Parmigiani e Luca Valdiserri&nbsp;<strong>ConVIVERE sulLA STRADA &#8211; La safety nella mobilit\u00e0 stradale: idee, strumenti e percorsi<\/strong>. Il volume completa e amplia il percorso formativo con approfondimenti preziosi per chi insegna.<\/p>\n\n\n\n<p><em>\u201c<\/em><em>L&#8217;educazione e la sicurezza stradale sono una priorit\u00e0 sociale&nbsp;<\/em><em>\u2013&nbsp;<\/em>spiega la sindaca di Firenze&nbsp;<strong>Sara Funaro<\/strong><em>&nbsp;-. \u00c8 importante che i ragazzi, fin da piccoli, vengano sensibilizzati e istruiti su come ci si comporta in strada. E per questo siamo orgogliosamente al fianco dell&#8217;Associazione Lorenzo Guarnieri Onlus che sta promuovendo un corso di formazione per studenti e insegnanti delle scuole primarie e secondarie italiane a livello nazionale, impreziosito anche da un libro &#8216;ConVIVERE sulLA STRADA. La safety nella mobilit\u00e0 stradale: idee, strumenti e percorsi&#8217;. &#8216;Dai Valore alla Vita&#8217;, il corso on line pensato per i docenti, \u00e8 uno strumento concreto attraverso cui gettare le basi per una crescita responsabile e sicura dei giovani, mettendo al centro la presa di coscienza dell&#8217;impatto umano e sociale della violenza stradale sulla collettivit\u00e0. Voglio ringraziare Stefania e Stefano Guarnieri per lo straordinario contributo in tema di sensibilizzazione sull&#8217;importanza della sicurezza stradale e di prevenzione della violenza stradale, non solo qui a Firenze ma in tutto il Paese&#8221;.<\/em><\/p>\n\n\n\n<p><em>\u201cAbbiamo sostenuto convintamente questo progetto mossi dalla volont\u00e0 di prevenire prima ancora di proteggere \u2013&nbsp;<\/em>ha dichiarato&nbsp;<strong>Marisa Parmigiani<\/strong>, consigliera delegata della Fondazione Unipolis&nbsp;<em>&#8211; Di questo volume ci ha affascinato il titolo coerente con il nostro approccio di strada bene comune, che vorremmo venisse diffuso e praticato tra i ragazzi per avere domani una mobilit\u00e0 pi\u00f9 rispettosa ed inclusiva&#8221;.<\/em><\/p>\n\n\n\n<p><em>\u201cLa violenza stradale rappresenta la prima causa di morte dei giovani&nbsp;<\/em>&#8211; spiega&nbsp;<strong>Stefano Guarnieri<\/strong>, vicepresidente dell&#8217;Associazione Lorenzo Guarnieri onlus &#8211;<em>. Per questo l&#8217;educazione ad una mobilit\u00e0 sicura dovrebbe essere un insegnamento obbligatorio nelle scuole di ogni ordine e grado. Per riuscire in questo percorso dobbiamo, per\u00f2, prima cercare di parlare ai docenti perch\u00e9 solo attraverso il loro aiuto possiamo raggiungere i giovani nelle scuole&#8221;.<\/em><\/p>\n\n\n\n<p>Mandela aveva ragione nel dire che l&#8217;<strong>Educazione \u00e8 l&#8217;arma migliore che abbiamo per cambiare il mondo<\/strong>. Purtroppo, i fondi destinati all&#8217;educazione alla sicurezza stradale in Italia sono pochissimi. Speriamo che questo progetto fatto con passione e professionalit\u00e0 possa diventare uno stimolo per le amministrazioni per ripensare agli investimenti da destinare all&#8217;educazione&nbsp;per una mobilit\u00e0 stradale, sicura, sostenibile e rispettosa.\u200b<\/p>\n","protected":false},"excerpt":{"rendered":"<p>Sicurezza stradale: presentato il libro di testo per insegnanti. Accompagna il primo corso nazionale per docenti. \u00c8 parte del progetto nazionale di educazione alla mobilit\u00e0 stradale sicura \u201cDai val\u200bore alla vita&#8221; promosso dell&#8217;Associazione Lorenzo Guarnieri onlus. Si intitola \u201cConVIVERE sulLA STRADA&#8221; il libro curato da Stefano Guarnieri che accompagna il&nbsp;primo progetto nazionale di formazione gratuita [&hellip;]<\/p>\n","protected":false},"author":8,"featured_media":10832,"comment_status":"open","ping_status":"open","sticky":false,"template":"","format":"standard","meta":{"_acf_changed":false,"footnotes":""},"categories":[16],"tags":[],"class_list":["post-10830","post","type-post","status-publish","format-standard","has-post-thumbnail","hentry","category-mobilita"],"acf":[],"yoast_head":"<!-- This site is optimized with the Yoast SEO plugin v26.1.1 - https:\/\/yoast.com\/wordpress\/plugins\/seo\/ -->\n<title>Presentato a Firenze il libro &quot;ConVIVERE sulLA STRADA&quot; - Unipolis<\/title>\n<meta name=\"robots\" content=\"index, follow, max-snippet:-1, max-image-preview:large, max-video-preview:-1\" \/>\n<link rel=\"canonical\" href=\"https:\/\/www.fondazioneunipolis.org\/site\/presentato-a-firenze-il-libro-convivere-sulla-strada\/\" \/>\n<meta property=\"og:locale\" content=\"it_IT\" \/>\n<meta property=\"og:type\" content=\"article\" \/>\n<meta property=\"og:title\" content=\"Presentato a Firenze il libro &quot;ConVIVERE sulLA STRADA&quot; - Unipolis\" \/>\n<meta property=\"og:description\" content=\"Sicurezza stradale: presentato il libro di testo per insegnanti. Accompagna il primo corso nazionale per docenti. \u00c8 parte del progetto nazionale di educazione alla mobilit\u00e0 stradale sicura \u201cDai val\u200bore alla vita&#8221; promosso dell&#8217;Associazione Lorenzo Guarnieri onlus. Si intitola \u201cConVIVERE sulLA STRADA&#8221; il libro curato da Stefano Guarnieri che accompagna il&nbsp;primo progetto nazionale di formazione gratuita [&hellip;]\" \/>\n<meta property=\"og:url\" content=\"https:\/\/dx-factory-unipolis-corporate-wp.ha.servizi.gr-u.it\/site\/presentato-a-firenze-il-libro-convivere-sulla-strada\/\" \/>\n<meta property=\"og:site_name\" content=\"Unipolis\" \/>\n<meta property=\"article:published_time\" content=\"2025-10-21T13:07:00+00:00\" \/>\n<meta property=\"article:modified_time\" content=\"2025-12-29T09:24:52+00:00\" \/>\n<meta property=\"og:image\" content=\"https:\/\/dx-factory-unipolis-corporate-wp.ha.servizi.gr-u.it\/site\/wp-content\/uploads\/2025\/12\/raod-safety-scaled.jpg\" \/>\n\t<meta property=\"og:image:width\" content=\"2560\" \/>\n\t<meta property=\"og:image:height\" content=\"1707\" \/>\n\t<meta property=\"og:image:type\" content=\"image\/jpeg\" \/>\n<meta name=\"author\" content=\"francesco.moledda\" \/>\n<meta name=\"twitter:card\" content=\"summary_large_image\" \/>\n<meta name=\"twitter:label1\" content=\"Written by\" \/>\n\t<meta name=\"twitter:data1\" content=\"francesco.moledda\" \/>\n\t<meta name=\"twitter:label2\" content=\"Est. reading time\" \/>\n\t<meta name=\"twitter:data2\" content=\"5 minutes\" \/>\n<script type=\"application\/ld+json\" class=\"yoast-schema-graph\">{\"@context\":\"https:\/\/schema.org\",\"@graph\":[{\"@type\":\"Article\",\"@id\":\"https:\/\/dx-factory-unipolis-corporate-wp.ha.servizi.gr-u.it\/site\/presentato-a-firenze-il-libro-convivere-sulla-strada\/#article\",\"isPartOf\":{\"@id\":\"https:\/\/dx-factory-unipolis-corporate-wp.ha.servizi.gr-u.it\/site\/presentato-a-firenze-il-libro-convivere-sulla-strada\/\"},\"author\":{\"name\":\"francesco.moledda\",\"@id\":\"https:\/\/www.fondazioneunipolis.org\/site\/#\/schema\/person\/d4c6cd1bcb85b8015b0a30789455e15d\"},\"headline\":\"Presentato a Firenze il libro &#8220;ConVIVERE sulLA STRADA&#8221;\",\"datePublished\":\"2025-10-21T13:07:00+00:00\",\"dateModified\":\"2025-12-29T09:24:52+00:00\",\"mainEntityOfPage\":{\"@id\":\"https:\/\/dx-factory-unipolis-corporate-wp.ha.servizi.gr-u.it\/site\/presentato-a-firenze-il-libro-convivere-sulla-strada\/\"},\"wordCount\":922,\"commentCount\":0,\"publisher\":{\"@id\":\"https:\/\/www.fondazioneunipolis.org\/site\/#organization\"},\"image\":{\"@id\":\"https:\/\/dx-factory-unipolis-corporate-wp.ha.servizi.gr-u.it\/site\/presentato-a-firenze-il-libro-convivere-sulla-strada\/#primaryimage\"},\"thumbnailUrl\":\"https:\/\/www.fondazioneunipolis.org\/site\/wp-content\/uploads\/2025\/12\/raod-safety-scaled.jpg\",\"articleSection\":[\"Mobilit\u00e0\"],\"inLanguage\":\"it-IT\",\"potentialAction\":[{\"@type\":\"CommentAction\",\"name\":\"Comment\",\"target\":[\"https:\/\/dx-factory-unipolis-corporate-wp.ha.servizi.gr-u.it\/site\/presentato-a-firenze-il-libro-convivere-sulla-strada\/#respond\"]}]},{\"@type\":\"WebPage\",\"@id\":\"https:\/\/dx-factory-unipolis-corporate-wp.ha.servizi.gr-u.it\/site\/presentato-a-firenze-il-libro-convivere-sulla-strada\/\",\"url\":\"https:\/\/dx-factory-unipolis-corporate-wp.ha.servizi.gr-u.it\/site\/presentato-a-firenze-il-libro-convivere-sulla-strada\/\",\"name\":\"Presentato a Firenze il libro \\\"ConVIVERE sulLA STRADA\\\" - Unipolis\",\"isPartOf\":{\"@id\":\"https:\/\/www.fondazioneunipolis.org\/site\/#website\"},\"primaryImageOfPage\":{\"@id\":\"https:\/\/dx-factory-unipolis-corporate-wp.ha.servizi.gr-u.it\/site\/presentato-a-firenze-il-libro-convivere-sulla-strada\/#primaryimage\"},\"image\":{\"@id\":\"https:\/\/dx-factory-unipolis-corporate-wp.ha.servizi.gr-u.it\/site\/presentato-a-firenze-il-libro-convivere-sulla-strada\/#primaryimage\"},\"thumbnailUrl\":\"https:\/\/www.fondazioneunipolis.org\/site\/wp-content\/uploads\/2025\/12\/raod-safety-scaled.jpg\",\"datePublished\":\"2025-10-21T13:07:00+00:00\",\"dateModified\":\"2025-12-29T09:24:52+00:00\",\"breadcrumb\":{\"@id\":\"https:\/\/dx-factory-unipolis-corporate-wp.ha.servizi.gr-u.it\/site\/presentato-a-firenze-il-libro-convivere-sulla-strada\/#breadcrumb\"},\"inLanguage\":\"it-IT\",\"potentialAction\":[{\"@type\":\"ReadAction\",\"target\":[\"https:\/\/dx-factory-unipolis-corporate-wp.ha.servizi.gr-u.it\/site\/presentato-a-firenze-il-libro-convivere-sulla-strada\/\"]}]},{\"@type\":\"ImageObject\",\"inLanguage\":\"it-IT\",\"@id\":\"https:\/\/dx-factory-unipolis-corporate-wp.ha.servizi.gr-u.it\/site\/presentato-a-firenze-il-libro-convivere-sulla-strada\/#primaryimage\",\"url\":\"https:\/\/www.fondazioneunipolis.org\/site\/wp-content\/uploads\/2025\/12\/raod-safety-scaled.jpg\",\"contentUrl\":\"https:\/\/www.fondazioneunipolis.org\/site\/wp-content\/uploads\/2025\/12\/raod-safety-scaled.jpg\",\"width\":2560,\"height\":1707},{\"@type\":\"BreadcrumbList\",\"@id\":\"https:\/\/dx-factory-unipolis-corporate-wp.ha.servizi.gr-u.it\/site\/presentato-a-firenze-il-libro-convivere-sulla-strada\/#breadcrumb\",\"itemListElement\":[{\"@type\":\"ListItem\",\"position\":1,\"name\":\"Home\",\"item\":\"https:\/\/www.fondazioneunipolis.org\/site\/\"},{\"@type\":\"ListItem\",\"position\":2,\"name\":\"Presentato a Firenze il libro &#8220;ConVIVERE sulLA STRADA&#8221;\"}]},{\"@type\":\"WebSite\",\"@id\":\"https:\/\/www.fondazioneunipolis.org\/site\/#website\",\"url\":\"https:\/\/www.fondazioneunipolis.org\/site\/\",\"name\":\"Unipolis\",\"description\":\"\",\"publisher\":{\"@id\":\"https:\/\/www.fondazioneunipolis.org\/site\/#organization\"},\"potentialAction\":[{\"@type\":\"SearchAction\",\"target\":{\"@type\":\"EntryPoint\",\"urlTemplate\":\"https:\/\/www.fondazioneunipolis.org\/site\/?s={search_term_string}\"},\"query-input\":{\"@type\":\"PropertyValueSpecification\",\"valueRequired\":true,\"valueName\":\"search_term_string\"}}],\"inLanguage\":\"it-IT\"},{\"@type\":\"Organization\",\"@id\":\"https:\/\/www.fondazioneunipolis.org\/site\/#organization\",\"name\":\"Unipolis\",\"url\":\"https:\/\/www.fondazioneunipolis.org\/site\/\",\"logo\":{\"@type\":\"ImageObject\",\"inLanguage\":\"it-IT\",\"@id\":\"https:\/\/www.fondazioneunipolis.org\/site\/#\/schema\/logo\/image\/\",\"url\":\"https:\/\/www.fondazioneunipolis.org\/site\/wp-content\/uploads\/2025\/07\/logo-fondazione-unipolis-1.svg\",\"contentUrl\":\"https:\/\/www.fondazioneunipolis.org\/site\/wp-content\/uploads\/2025\/07\/logo-fondazione-unipolis-1.svg\",\"caption\":\"Unipolis\"},\"image\":{\"@id\":\"https:\/\/www.fondazioneunipolis.org\/site\/#\/schema\/logo\/image\/\"}},{\"@type\":\"Person\",\"@id\":\"https:\/\/www.fondazioneunipolis.org\/site\/#\/schema\/person\/d4c6cd1bcb85b8015b0a30789455e15d\",\"name\":\"francesco.moledda\",\"image\":{\"@type\":\"ImageObject\",\"inLanguage\":\"it-IT\",\"@id\":\"https:\/\/www.fondazioneunipolis.org\/site\/#\/schema\/person\/image\/\",\"url\":\"https:\/\/secure.gravatar.com\/avatar\/16d29b15e75534641258761bb8c6854ecd3d41cca9fbf67d65addcd3c3f8e993?s=96&d=mm&r=g\",\"contentUrl\":\"https:\/\/secure.gravatar.com\/avatar\/16d29b15e75534641258761bb8c6854ecd3d41cca9fbf67d65addcd3c3f8e993?s=96&d=mm&r=g\",\"caption\":\"francesco.moledda\"},\"url\":\"https:\/\/www.fondazioneunipolis.org\/site\/author\/francesco-moledda\/\"}]}<\/script>\n<!-- \/ Yoast SEO plugin. -->","yoast_head_json":{"title":"Presentato a Firenze il libro \"ConVIVERE sulLA STRADA\" - Unipolis","robots":{"index":"index","follow":"follow","max-snippet":"max-snippet:-1","max-image-preview":"max-image-preview:large","max-video-preview":"max-video-preview:-1"},"canonical":"https:\/\/www.fondazioneunipolis.org\/site\/presentato-a-firenze-il-libro-convivere-sulla-strada\/","og_locale":"it_IT","og_type":"article","og_title":"Presentato a Firenze il libro \"ConVIVERE sulLA STRADA\" - Unipolis","og_description":"Sicurezza stradale: presentato il libro di testo per insegnanti. Accompagna il primo corso nazionale per docenti. \u00c8 parte del progetto nazionale di educazione alla mobilit\u00e0 stradale sicura \u201cDai val\u200bore alla vita&#8221; promosso dell&#8217;Associazione Lorenzo Guarnieri onlus. Si intitola \u201cConVIVERE sulLA STRADA&#8221; il libro curato da Stefano Guarnieri che accompagna il&nbsp;primo progetto nazionale di formazione gratuita [&hellip;]","og_url":"https:\/\/dx-factory-unipolis-corporate-wp.ha.servizi.gr-u.it\/site\/presentato-a-firenze-il-libro-convivere-sulla-strada\/","og_site_name":"Unipolis","article_published_time":"2025-10-21T13:07:00+00:00","article_modified_time":"2025-12-29T09:24:52+00:00","og_image":[{"width":2560,"height":1707,"url":"https:\/\/dx-factory-unipolis-corporate-wp.ha.servizi.gr-u.it\/site\/wp-content\/uploads\/2025\/12\/raod-safety-scaled.jpg","type":"image\/jpeg"}],"author":"francesco.moledda","twitter_card":"summary_large_image","twitter_misc":{"Written by":"francesco.moledda","Est. reading time":"5 minutes"},"schema":{"@context":"https:\/\/schema.org","@graph":[{"@type":"Article","@id":"https:\/\/dx-factory-unipolis-corporate-wp.ha.servizi.gr-u.it\/site\/presentato-a-firenze-il-libro-convivere-sulla-strada\/#article","isPartOf":{"@id":"https:\/\/dx-factory-unipolis-corporate-wp.ha.servizi.gr-u.it\/site\/presentato-a-firenze-il-libro-convivere-sulla-strada\/"},"author":{"name":"francesco.moledda","@id":"https:\/\/www.fondazioneunipolis.org\/site\/#\/schema\/person\/d4c6cd1bcb85b8015b0a30789455e15d"},"headline":"Presentato a Firenze il libro &#8220;ConVIVERE sulLA STRADA&#8221;","datePublished":"2025-10-21T13:07:00+00:00","dateModified":"2025-12-29T09:24:52+00:00","mainEntityOfPage":{"@id":"https:\/\/dx-factory-unipolis-corporate-wp.ha.servizi.gr-u.it\/site\/presentato-a-firenze-il-libro-convivere-sulla-strada\/"},"wordCount":922,"commentCount":0,"publisher":{"@id":"https:\/\/www.fondazioneunipolis.org\/site\/#organization"},"image":{"@id":"https:\/\/dx-factory-unipolis-corporate-wp.ha.servizi.gr-u.it\/site\/presentato-a-firenze-il-libro-convivere-sulla-strada\/#primaryimage"},"thumbnailUrl":"https:\/\/www.fondazioneunipolis.org\/site\/wp-content\/uploads\/2025\/12\/raod-safety-scaled.jpg","articleSection":["Mobilit\u00e0"],"inLanguage":"it-IT","potentialAction":[{"@type":"CommentAction","name":"Comment","target":["https:\/\/dx-factory-unipolis-corporate-wp.ha.servizi.gr-u.it\/site\/presentato-a-firenze-il-libro-convivere-sulla-strada\/#respond"]}]},{"@type":"WebPage","@id":"https:\/\/dx-factory-unipolis-corporate-wp.ha.servizi.gr-u.it\/site\/presentato-a-firenze-il-libro-convivere-sulla-strada\/","url":"https:\/\/dx-factory-unipolis-corporate-wp.ha.servizi.gr-u.it\/site\/presentato-a-firenze-il-libro-convivere-sulla-strada\/","name":"Presentato a Firenze il libro \"ConVIVERE sulLA STRADA\" - Unipolis","isPartOf":{"@id":"https:\/\/www.fondazioneunipolis.org\/site\/#website"},"primaryImageOfPage":{"@id":"https:\/\/dx-factory-unipolis-corporate-wp.ha.servizi.gr-u.it\/site\/presentato-a-firenze-il-libro-convivere-sulla-strada\/#primaryimage"},"image":{"@id":"https:\/\/dx-factory-unipolis-corporate-wp.ha.servizi.gr-u.it\/site\/presentato-a-firenze-il-libro-convivere-sulla-strada\/#primaryimage"},"thumbnailUrl":"https:\/\/www.fondazioneunipolis.org\/site\/wp-content\/uploads\/2025\/12\/raod-safety-scaled.jpg","datePublished":"2025-10-21T13:07:00+00:00","dateModified":"2025-12-29T09:24:52+00:00","breadcrumb":{"@id":"https:\/\/dx-factory-unipolis-corporate-wp.ha.servizi.gr-u.it\/site\/presentato-a-firenze-il-libro-convivere-sulla-strada\/#breadcrumb"},"inLanguage":"it-IT","potentialAction":[{"@type":"ReadAction","target":["https:\/\/dx-factory-unipolis-corporate-wp.ha.servizi.gr-u.it\/site\/presentato-a-firenze-il-libro-convivere-sulla-strada\/"]}]},{"@type":"ImageObject","inLanguage":"it-IT","@id":"https:\/\/dx-factory-unipolis-corporate-wp.ha.servizi.gr-u.it\/site\/presentato-a-firenze-il-libro-convivere-sulla-strada\/#primaryimage","url":"https:\/\/www.fondazioneunipolis.org\/site\/wp-content\/uploads\/2025\/12\/raod-safety-scaled.jpg","contentUrl":"https:\/\/www.fondazioneunipolis.org\/site\/wp-content\/uploads\/2025\/12\/raod-safety-scaled.jpg","width":2560,"height":1707},{"@type":"BreadcrumbList","@id":"https:\/\/dx-factory-unipolis-corporate-wp.ha.servizi.gr-u.it\/site\/presentato-a-firenze-il-libro-convivere-sulla-strada\/#breadcrumb","itemListElement":[{"@type":"ListItem","position":1,"name":"Home","item":"https:\/\/www.fondazioneunipolis.org\/site\/"},{"@type":"ListItem","position":2,"name":"Presentato a Firenze il libro &#8220;ConVIVERE sulLA STRADA&#8221;"}]},{"@type":"WebSite","@id":"https:\/\/www.fondazioneunipolis.org\/site\/#website","url":"https:\/\/www.fondazioneunipolis.org\/site\/","name":"Unipolis","description":"","publisher":{"@id":"https:\/\/www.fondazioneunipolis.org\/site\/#organization"},"potentialAction":[{"@type":"SearchAction","target":{"@type":"EntryPoint","urlTemplate":"https:\/\/www.fondazioneunipolis.org\/site\/?s={search_term_string}"},"query-input":{"@type":"PropertyValueSpecification","valueRequired":true,"valueName":"search_term_string"}}],"inLanguage":"it-IT"},{"@type":"Organization","@id":"https:\/\/www.fondazioneunipolis.org\/site\/#organization","name":"Unipolis","url":"https:\/\/www.fondazioneunipolis.org\/site\/","logo":{"@type":"ImageObject","inLanguage":"it-IT","@id":"https:\/\/www.fondazioneunipolis.org\/site\/#\/schema\/logo\/image\/","url":"https:\/\/www.fondazioneunipolis.org\/site\/wp-content\/uploads\/2025\/07\/logo-fondazione-unipolis-1.svg","contentUrl":"https:\/\/www.fondazioneunipolis.org\/site\/wp-content\/uploads\/2025\/07\/logo-fondazione-unipolis-1.svg","caption":"Unipolis"},"image":{"@id":"https:\/\/www.fondazioneunipolis.org\/site\/#\/schema\/logo\/image\/"}},{"@type":"Person","@id":"https:\/\/www.fondazioneunipolis.org\/site\/#\/schema\/person\/d4c6cd1bcb85b8015b0a30789455e15d","name":"francesco.moledda","image":{"@type":"ImageObject","inLanguage":"it-IT","@id":"https:\/\/www.fondazioneunipolis.org\/site\/#\/schema\/person\/image\/","url":"https:\/\/secure.gravatar.com\/avatar\/16d29b15e75534641258761bb8c6854ecd3d41cca9fbf67d65addcd3c3f8e993?s=96&d=mm&r=g","contentUrl":"https:\/\/secure.gravatar.com\/avatar\/16d29b15e75534641258761bb8c6854ecd3d41cca9fbf67d65addcd3c3f8e993?s=96&d=mm&r=g","caption":"francesco.moledda"},"url":"https:\/\/www.fondazioneunipolis.org\/site\/author\/francesco-moledda\/"}]}},"_links":{"self":[{"href":"https:\/\/www.fondazioneunipolis.org\/site\/wp-json\/wp\/v2\/posts\/10830","targetHints":{"allow":["GET"]}}],"collection":[{"href":"https:\/\/www.fondazioneunipolis.org\/site\/wp-json\/wp\/v2\/posts"}],"about":[{"href":"https:\/\/www.fondazioneunipolis.org\/site\/wp-json\/wp\/v2\/types\/post"}],"author":[{"embeddable":true,"href":"https:\/\/www.fondazioneunipolis.org\/site\/wp-json\/wp\/v2\/users\/8"}],"replies":[{"embeddable":true,"href":"https:\/\/www.fondazioneunipolis.org\/site\/wp-json\/wp\/v2\/comments?post=10830"}],"version-history":[{"count":2,"href":"https:\/\/www.fondazioneunipolis.org\/site\/wp-json\/wp\/v2\/posts\/10830\/revisions"}],"predecessor-version":[{"id":10836,"href":"https:\/\/www.fondazioneunipolis.org\/site\/wp-json\/wp\/v2\/posts\/10830\/revisions\/10836"}],"wp:featuredmedia":[{"embeddable":true,"href":"https:\/\/www.fondazioneunipolis.org\/site\/wp-json\/wp\/v2\/media\/10832"}],"wp:attachment":[{"href":"https:\/\/www.fondazioneunipolis.org\/site\/wp-json\/wp\/v2\/media?parent=10830"}],"wp:term":[{"taxonomy":"category","embeddable":true,"href":"https:\/\/www.fondazioneunipolis.org\/site\/wp-json\/wp\/v2\/categories?post=10830"},{"taxonomy":"post_tag","embeddable":true,"href":"https:\/\/www.fondazioneunipolis.org\/site\/wp-json\/wp\/v2\/tags?post=10830"}],"curies":[{"name":"wp","href":"https:\/\/api.w.org\/{rel}","templated":true}]}}