{"id":10822,"date":"2025-11-10T14:51:00","date_gmt":"2025-11-10T13:51:00","guid":{"rendered":"https:\/\/www.fondazioneunipolis.org\/site\/?p=10822"},"modified":"2025-12-29T09:49:47","modified_gmt":"2025-12-29T08:49:47","slug":"lavvio-di-stradabile-nel-calatino","status":"publish","type":"post","link":"https:\/\/www.fondazioneunipolis.org\/site\/news\/lavvio-di-stradabile-nel-calatino\/","title":{"rendered":"L&#8217;avvio di stradAbile nel Calatino"},"content":{"rendered":"\n<h3 class=\"wp-block-heading\">Nel Calatino parte&nbsp;<em>stradAbile<\/em>, il progetto nazionale di Fondazione Unipolis che apre strade concrete all&#8217;inclusione sociale di migranti, rifugiati e richiedenti asilo.&nbsp;<\/h3>\n\n\n\n<h3 class=\"wp-block-heading\">Oltre 100 beneficiari coinvolti nell&#8217;area metropolitana di Catania, con corsi per imparare a usare la bicicletta, voucher per la patente e la prima piattaforma web multilingue sulla sicurezza stradale.<\/h3>\n\n\n\n<p>Nella serata del 5 novembre, presso l&#8217;aula consiliare del Comune di Scordia, alla presenza di Amministratori locali, forze dell&#8217;ordine, organizzazioni sindacali di categoria, associazioni e operatori del settore dell&#8217;accoglienza, \u00e8 stato lanciato pubblicamente&nbsp;<em><strong>stradAbile<\/strong><\/em>, il progetto nazionale che apre strade concrete all&#8217;inclusione sociale di migranti, rifugiati e richiedenti asilo. Contestualmente, sono partite le prime attivit\u00e0 progettuali nell&#8217;area del Calatino, una delle nove coinvolte in tutta Italia insieme a Torino, Milano, Brescia, Modena, Parma, Roma e Bari.<\/p>\n\n\n\n<p>Ideato da&nbsp;<strong>Fondazione Unipolis<\/strong>, la fondazione d&#8217;impresa del Gruppo Unipol,&nbsp;<em>stradAbile<\/em>&nbsp;promuove la&nbsp;<strong>sicurezza stradale<\/strong>&nbsp;<strong>e l&#8217;accesso equo alla mobilit\u00e0<\/strong>&nbsp;come strumenti di autonomia, dignit\u00e0 e partecipazione. Il progetto \u00e8 realizzato in collaborazione con&nbsp;<strong>UNHCR \u2013 The UN Refugee Agency<\/strong>,&nbsp;<strong>UNASCA<\/strong>&nbsp;(Unione Nazionale Autoscuole e Studi di Consulenza Automobilistica),&nbsp;<strong>UISP \u2013 Sport per Tutti<\/strong>&nbsp;e i&nbsp;<strong>Consigli Regionali Unipol<\/strong>&nbsp;(CRU).<\/p>\n\n\n\n<p>Nel territorio del Calatino, oltre&nbsp;<strong>100 beneficiari<\/strong>&nbsp;saranno coinvolti fino alla fine del 2026 nei due filoni del progetto:&nbsp;<\/p>\n\n\n\n<ul class=\"wp-block-list\">\n<li><strong>stradAbile a pedali<\/strong>, dedicato alla mobilit\u00e0 dolce e realizzato con UISP, accompagner\u00e0 circa\u00a0<strong>60 donne migranti<\/strong>\u00a0nell&#8217;apprendimento della bicicletta, nella conoscenza della meccanica di base e delle regole della strada, favorendo anche socialit\u00e0 e coinvolgimento delle famiglie.<br><\/li>\n\n\n\n<li><strong>stradAbile al volante<\/strong>, invece, riguarder\u00e0 la mobilit\u00e0 motorizzata: il\u00a0<strong>2 dicembre<\/strong>, presso il Centro di Aggregazione Giovanile di Scordia,\u00a0<strong>50 migranti<\/strong>\u00a0parteciperanno a un percorso formativo sulla sicurezza stradale, tenuto da UNASCA. Al termine del corso i partecipanti sosterranno un test e i\u00a0<strong>15<\/strong>\u00a0migliori riceveranno\u00a0<strong>voucher per il conseguimento della patente B<\/strong>. Sono inoltre allo studio accordi con imprese del territorio per agevolare l&#8217;assunzione di ulteriori beneficiari, a cui Fondazione Unipolis garantir\u00e0 il sostegno economico per ottenere la\u00a0<strong>patente C<\/strong>, ampliando cos\u00ec le opportunit\u00e0 di inserimento lavorativo.<\/li>\n<\/ul>\n\n\n\n<p><em>stradAbile<\/em>&nbsp;nasce da un dato di realt\u00e0: secondo il Rapporto&nbsp;<strong>ACI\u2013ISTAT 2024<\/strong>, le persone straniere risultano tra i gruppi pi\u00f9 vulnerabili sulle strade italiane, con un elevato numero di incidenti soprattutto tra ciclisti, utenti di monopattini e conducenti di autovetture. Su 148.215 conducenti feriti in incidenti, quasi&nbsp;<strong>20.000 sono stranieri<\/strong>, pari al&nbsp;<strong>13,5% del totale<\/strong>. Le cittadinanze pi\u00f9 coinvolte sono&nbsp;<strong>Romania, Albania e Marocco<\/strong>, con prevalenza di uomini tra i 25 e i 44 anni e di donne tra i 30 e i 54.<\/p>\n\n\n\n<p>In questo scenario si inserisce&nbsp;<em>stradAbile<\/em>, che unisce&nbsp;<strong>educazione, empowerment e strumenti concreti<\/strong>&nbsp;per superare barriere linguistiche, economiche e culturali.<\/p>\n\n\n\n<p>Per ampliare l&#8217;impatto, il progetto realizzer\u00e0 inoltre&nbsp;<strong>la prima piattaforma web multilingue e interattiva sulla sicurezza stradale dedicata agli stranieri in Italia<\/strong>, con contenuti co-creati insieme ai partecipanti. Uno strumento innovativo e accessibile, pensato per diffondere conoscenze e buone pratiche in modo inclusivo.&nbsp;<\/p>\n\n\n\n<p><em>&#8220;L<\/em><em>&#8216;equit\u00e0 d&#8217;accesso e di opportunit\u00e0 \u00e8 l&#8217;obiettivo primario degli interventi della Fondazione Unipolis: per questo abbiamo scelto di portarla al centro anche delle nostre iniziative sulla mobilit\u00e0. Con stradAbile abbiamo deciso di supportare chi arriva nel nostro Paese nel percorso verso diritti fondamentali che nel proprio non riesce a ottenere, offrendo strumenti concreti per la mobilit\u00e0, prerequisito essenziale per molti altri diritti,&#8221;<\/em>&nbsp;\u2013 ha affermato<strong>&nbsp;Marisa Parmigiani<\/strong>,<strong>&nbsp;<\/strong>Consigliera Delegata di Fondazione Unipolis.&nbsp;<\/p>\n\n\n\n<p><em>&#8220;Siamo convinti che investire nella mobilit\u00e0 delle persone significhi investire nella comunit\u00e0: garantire a tutti la possibilit\u00e0 di spostarsi in sicurezza e libert\u00e0 significa offrire nuove opportunit\u00e0 e permettere una piena partecipazione alla vita sociale ed economica del Paese. Con stradAbile, Fondazione Unipolis, il Comune di Scordia e tutti gli altri comuni coinvolti del Calatino vogliamo portare questo messaggio nella quotidianit\u00e0, affiancando soggetti vulnerabili e territori con azioni concrete e misurabili.&#8221;<\/em>&nbsp;\u2013 conclude<strong>&nbsp;Francesco Barchitta<\/strong>,<strong>&nbsp;<\/strong>Sindaco di Scordia.<\/p>\n","protected":false},"excerpt":{"rendered":"<p>Nel Calatino parte&nbsp;stradAbile, il progetto nazionale di Fondazione Unipolis che apre strade concrete all&#8217;inclusione sociale di migranti, rifugiati e richiedenti asilo.&nbsp; Oltre 100 beneficiari coinvolti nell&#8217;area metropolitana di Catania, con corsi per imparare a usare la bicicletta, voucher per la patente e la prima piattaforma web multilingue sulla sicurezza stradale. Nella serata del 5 novembre, [&hellip;]<\/p>\n","protected":false},"author":8,"featured_media":10826,"comment_status":"open","ping_status":"open","sticky":false,"template":"","format":"standard","meta":{"_acf_changed":false,"footnotes":""},"categories":[16],"tags":[711],"class_list":["post-10822","post","type-post","status-publish","format-standard","has-post-thumbnail","hentry","category-mobilita","tag-stradabile"],"acf":[],"yoast_head":"<!-- This site is optimized with the Yoast SEO plugin v26.1.1 - https:\/\/yoast.com\/wordpress\/plugins\/seo\/ -->\n<title>L&#039;avvio di stradAbile nel Calatino - Unipolis<\/title>\n<meta name=\"robots\" content=\"index, follow, max-snippet:-1, max-image-preview:large, max-video-preview:-1\" \/>\n<link rel=\"canonical\" href=\"https:\/\/www.fondazioneunipolis.org\/site\/lavvio-di-stradabile-nel-calatino\/\" \/>\n<meta property=\"og:locale\" content=\"it_IT\" \/>\n<meta property=\"og:type\" content=\"article\" \/>\n<meta property=\"og:title\" content=\"L&#039;avvio di stradAbile nel Calatino - Unipolis\" \/>\n<meta property=\"og:description\" content=\"Nel Calatino parte&nbsp;stradAbile, il progetto nazionale di Fondazione Unipolis che apre strade concrete all&#8217;inclusione sociale di migranti, rifugiati e richiedenti asilo.&nbsp; Oltre 100 beneficiari coinvolti nell&#8217;area metropolitana di Catania, con corsi per imparare a usare la bicicletta, voucher per la patente e la prima piattaforma web multilingue sulla sicurezza stradale. Nella serata del 5 novembre, [&hellip;]\" \/>\n<meta property=\"og:url\" content=\"https:\/\/dx-factory-unipolis-corporate-wp.ha.servizi.gr-u.it\/site\/lavvio-di-stradabile-nel-calatino\/\" \/>\n<meta property=\"og:site_name\" content=\"Unipolis\" \/>\n<meta property=\"article:published_time\" content=\"2025-11-10T13:51:00+00:00\" \/>\n<meta property=\"article:modified_time\" content=\"2025-12-29T08:49:47+00:00\" \/>\n<meta property=\"og:image\" content=\"https:\/\/dx-factory-unipolis-corporate-wp.ha.servizi.gr-u.it\/site\/wp-content\/uploads\/2025\/12\/FU_S_01-scaled.jpg\" \/>\n\t<meta property=\"og:image:width\" content=\"2560\" \/>\n\t<meta property=\"og:image:height\" content=\"1707\" \/>\n\t<meta property=\"og:image:type\" content=\"image\/jpeg\" \/>\n<meta name=\"author\" content=\"francesco.moledda\" \/>\n<meta name=\"twitter:card\" content=\"summary_large_image\" \/>\n<meta name=\"twitter:label1\" content=\"Written by\" \/>\n\t<meta name=\"twitter:data1\" content=\"francesco.moledda\" \/>\n\t<meta name=\"twitter:label2\" content=\"Est. reading time\" \/>\n\t<meta name=\"twitter:data2\" content=\"4 minutes\" \/>\n<script type=\"application\/ld+json\" class=\"yoast-schema-graph\">{\"@context\":\"https:\/\/schema.org\",\"@graph\":[{\"@type\":\"Article\",\"@id\":\"https:\/\/dx-factory-unipolis-corporate-wp.ha.servizi.gr-u.it\/site\/lavvio-di-stradabile-nel-calatino\/#article\",\"isPartOf\":{\"@id\":\"https:\/\/dx-factory-unipolis-corporate-wp.ha.servizi.gr-u.it\/site\/lavvio-di-stradabile-nel-calatino\/\"},\"author\":{\"name\":\"francesco.moledda\",\"@id\":\"https:\/\/www.fondazioneunipolis.org\/site\/#\/schema\/person\/d4c6cd1bcb85b8015b0a30789455e15d\"},\"headline\":\"L&#8217;avvio di stradAbile nel Calatino\",\"datePublished\":\"2025-11-10T13:51:00+00:00\",\"dateModified\":\"2025-12-29T08:49:47+00:00\",\"mainEntityOfPage\":{\"@id\":\"https:\/\/dx-factory-unipolis-corporate-wp.ha.servizi.gr-u.it\/site\/lavvio-di-stradabile-nel-calatino\/\"},\"wordCount\":663,\"commentCount\":0,\"publisher\":{\"@id\":\"https:\/\/www.fondazioneunipolis.org\/site\/#organization\"},\"image\":{\"@id\":\"https:\/\/dx-factory-unipolis-corporate-wp.ha.servizi.gr-u.it\/site\/lavvio-di-stradabile-nel-calatino\/#primaryimage\"},\"thumbnailUrl\":\"https:\/\/www.fondazioneunipolis.org\/site\/wp-content\/uploads\/2025\/12\/FU_S_01-scaled.jpg\",\"keywords\":[\"stradabile\"],\"articleSection\":[\"Mobilit\u00e0\"],\"inLanguage\":\"it-IT\",\"potentialAction\":[{\"@type\":\"CommentAction\",\"name\":\"Comment\",\"target\":[\"https:\/\/dx-factory-unipolis-corporate-wp.ha.servizi.gr-u.it\/site\/lavvio-di-stradabile-nel-calatino\/#respond\"]}]},{\"@type\":\"WebPage\",\"@id\":\"https:\/\/dx-factory-unipolis-corporate-wp.ha.servizi.gr-u.it\/site\/lavvio-di-stradabile-nel-calatino\/\",\"url\":\"https:\/\/dx-factory-unipolis-corporate-wp.ha.servizi.gr-u.it\/site\/lavvio-di-stradabile-nel-calatino\/\",\"name\":\"L'avvio di stradAbile nel Calatino - Unipolis\",\"isPartOf\":{\"@id\":\"https:\/\/www.fondazioneunipolis.org\/site\/#website\"},\"primaryImageOfPage\":{\"@id\":\"https:\/\/dx-factory-unipolis-corporate-wp.ha.servizi.gr-u.it\/site\/lavvio-di-stradabile-nel-calatino\/#primaryimage\"},\"image\":{\"@id\":\"https:\/\/dx-factory-unipolis-corporate-wp.ha.servizi.gr-u.it\/site\/lavvio-di-stradabile-nel-calatino\/#primaryimage\"},\"thumbnailUrl\":\"https:\/\/www.fondazioneunipolis.org\/site\/wp-content\/uploads\/2025\/12\/FU_S_01-scaled.jpg\",\"datePublished\":\"2025-11-10T13:51:00+00:00\",\"dateModified\":\"2025-12-29T08:49:47+00:00\",\"breadcrumb\":{\"@id\":\"https:\/\/dx-factory-unipolis-corporate-wp.ha.servizi.gr-u.it\/site\/lavvio-di-stradabile-nel-calatino\/#breadcrumb\"},\"inLanguage\":\"it-IT\",\"potentialAction\":[{\"@type\":\"ReadAction\",\"target\":[\"https:\/\/dx-factory-unipolis-corporate-wp.ha.servizi.gr-u.it\/site\/lavvio-di-stradabile-nel-calatino\/\"]}]},{\"@type\":\"ImageObject\",\"inLanguage\":\"it-IT\",\"@id\":\"https:\/\/dx-factory-unipolis-corporate-wp.ha.servizi.gr-u.it\/site\/lavvio-di-stradabile-nel-calatino\/#primaryimage\",\"url\":\"https:\/\/www.fondazioneunipolis.org\/site\/wp-content\/uploads\/2025\/12\/FU_S_01-scaled.jpg\",\"contentUrl\":\"https:\/\/www.fondazioneunipolis.org\/site\/wp-content\/uploads\/2025\/12\/FU_S_01-scaled.jpg\",\"width\":2560,\"height\":1707},{\"@type\":\"BreadcrumbList\",\"@id\":\"https:\/\/dx-factory-unipolis-corporate-wp.ha.servizi.gr-u.it\/site\/lavvio-di-stradabile-nel-calatino\/#breadcrumb\",\"itemListElement\":[{\"@type\":\"ListItem\",\"position\":1,\"name\":\"Home\",\"item\":\"https:\/\/www.fondazioneunipolis.org\/site\/\"},{\"@type\":\"ListItem\",\"position\":2,\"name\":\"L&#8217;avvio di stradAbile nel Calatino\"}]},{\"@type\":\"WebSite\",\"@id\":\"https:\/\/www.fondazioneunipolis.org\/site\/#website\",\"url\":\"https:\/\/www.fondazioneunipolis.org\/site\/\",\"name\":\"Unipolis\",\"description\":\"\",\"publisher\":{\"@id\":\"https:\/\/www.fondazioneunipolis.org\/site\/#organization\"},\"potentialAction\":[{\"@type\":\"SearchAction\",\"target\":{\"@type\":\"EntryPoint\",\"urlTemplate\":\"https:\/\/www.fondazioneunipolis.org\/site\/?s={search_term_string}\"},\"query-input\":{\"@type\":\"PropertyValueSpecification\",\"valueRequired\":true,\"valueName\":\"search_term_string\"}}],\"inLanguage\":\"it-IT\"},{\"@type\":\"Organization\",\"@id\":\"https:\/\/www.fondazioneunipolis.org\/site\/#organization\",\"name\":\"Unipolis\",\"url\":\"https:\/\/www.fondazioneunipolis.org\/site\/\",\"logo\":{\"@type\":\"ImageObject\",\"inLanguage\":\"it-IT\",\"@id\":\"https:\/\/www.fondazioneunipolis.org\/site\/#\/schema\/logo\/image\/\",\"url\":\"https:\/\/www.fondazioneunipolis.org\/site\/wp-content\/uploads\/2025\/07\/logo-fondazione-unipolis-1.svg\",\"contentUrl\":\"https:\/\/www.fondazioneunipolis.org\/site\/wp-content\/uploads\/2025\/07\/logo-fondazione-unipolis-1.svg\",\"caption\":\"Unipolis\"},\"image\":{\"@id\":\"https:\/\/www.fondazioneunipolis.org\/site\/#\/schema\/logo\/image\/\"}},{\"@type\":\"Person\",\"@id\":\"https:\/\/www.fondazioneunipolis.org\/site\/#\/schema\/person\/d4c6cd1bcb85b8015b0a30789455e15d\",\"name\":\"francesco.moledda\",\"image\":{\"@type\":\"ImageObject\",\"inLanguage\":\"it-IT\",\"@id\":\"https:\/\/www.fondazioneunipolis.org\/site\/#\/schema\/person\/image\/\",\"url\":\"https:\/\/secure.gravatar.com\/avatar\/16d29b15e75534641258761bb8c6854ecd3d41cca9fbf67d65addcd3c3f8e993?s=96&d=mm&r=g\",\"contentUrl\":\"https:\/\/secure.gravatar.com\/avatar\/16d29b15e75534641258761bb8c6854ecd3d41cca9fbf67d65addcd3c3f8e993?s=96&d=mm&r=g\",\"caption\":\"francesco.moledda\"},\"url\":\"https:\/\/www.fondazioneunipolis.org\/site\/author\/francesco-moledda\/\"}]}<\/script>\n<!-- \/ Yoast SEO plugin. -->","yoast_head_json":{"title":"L'avvio di stradAbile nel Calatino - Unipolis","robots":{"index":"index","follow":"follow","max-snippet":"max-snippet:-1","max-image-preview":"max-image-preview:large","max-video-preview":"max-video-preview:-1"},"canonical":"https:\/\/www.fondazioneunipolis.org\/site\/lavvio-di-stradabile-nel-calatino\/","og_locale":"it_IT","og_type":"article","og_title":"L'avvio di stradAbile nel Calatino - Unipolis","og_description":"Nel Calatino parte&nbsp;stradAbile, il progetto nazionale di Fondazione Unipolis che apre strade concrete all&#8217;inclusione sociale di migranti, rifugiati e richiedenti asilo.&nbsp; Oltre 100 beneficiari coinvolti nell&#8217;area metropolitana di Catania, con corsi per imparare a usare la bicicletta, voucher per la patente e la prima piattaforma web multilingue sulla sicurezza stradale. Nella serata del 5 novembre, [&hellip;]","og_url":"https:\/\/dx-factory-unipolis-corporate-wp.ha.servizi.gr-u.it\/site\/lavvio-di-stradabile-nel-calatino\/","og_site_name":"Unipolis","article_published_time":"2025-11-10T13:51:00+00:00","article_modified_time":"2025-12-29T08:49:47+00:00","og_image":[{"width":2560,"height":1707,"url":"https:\/\/dx-factory-unipolis-corporate-wp.ha.servizi.gr-u.it\/site\/wp-content\/uploads\/2025\/12\/FU_S_01-scaled.jpg","type":"image\/jpeg"}],"author":"francesco.moledda","twitter_card":"summary_large_image","twitter_misc":{"Written by":"francesco.moledda","Est. reading time":"4 minutes"},"schema":{"@context":"https:\/\/schema.org","@graph":[{"@type":"Article","@id":"https:\/\/dx-factory-unipolis-corporate-wp.ha.servizi.gr-u.it\/site\/lavvio-di-stradabile-nel-calatino\/#article","isPartOf":{"@id":"https:\/\/dx-factory-unipolis-corporate-wp.ha.servizi.gr-u.it\/site\/lavvio-di-stradabile-nel-calatino\/"},"author":{"name":"francesco.moledda","@id":"https:\/\/www.fondazioneunipolis.org\/site\/#\/schema\/person\/d4c6cd1bcb85b8015b0a30789455e15d"},"headline":"L&#8217;avvio di stradAbile nel Calatino","datePublished":"2025-11-10T13:51:00+00:00","dateModified":"2025-12-29T08:49:47+00:00","mainEntityOfPage":{"@id":"https:\/\/dx-factory-unipolis-corporate-wp.ha.servizi.gr-u.it\/site\/lavvio-di-stradabile-nel-calatino\/"},"wordCount":663,"commentCount":0,"publisher":{"@id":"https:\/\/www.fondazioneunipolis.org\/site\/#organization"},"image":{"@id":"https:\/\/dx-factory-unipolis-corporate-wp.ha.servizi.gr-u.it\/site\/lavvio-di-stradabile-nel-calatino\/#primaryimage"},"thumbnailUrl":"https:\/\/www.fondazioneunipolis.org\/site\/wp-content\/uploads\/2025\/12\/FU_S_01-scaled.jpg","keywords":["stradabile"],"articleSection":["Mobilit\u00e0"],"inLanguage":"it-IT","potentialAction":[{"@type":"CommentAction","name":"Comment","target":["https:\/\/dx-factory-unipolis-corporate-wp.ha.servizi.gr-u.it\/site\/lavvio-di-stradabile-nel-calatino\/#respond"]}]},{"@type":"WebPage","@id":"https:\/\/dx-factory-unipolis-corporate-wp.ha.servizi.gr-u.it\/site\/lavvio-di-stradabile-nel-calatino\/","url":"https:\/\/dx-factory-unipolis-corporate-wp.ha.servizi.gr-u.it\/site\/lavvio-di-stradabile-nel-calatino\/","name":"L'avvio di stradAbile nel Calatino - Unipolis","isPartOf":{"@id":"https:\/\/www.fondazioneunipolis.org\/site\/#website"},"primaryImageOfPage":{"@id":"https:\/\/dx-factory-unipolis-corporate-wp.ha.servizi.gr-u.it\/site\/lavvio-di-stradabile-nel-calatino\/#primaryimage"},"image":{"@id":"https:\/\/dx-factory-unipolis-corporate-wp.ha.servizi.gr-u.it\/site\/lavvio-di-stradabile-nel-calatino\/#primaryimage"},"thumbnailUrl":"https:\/\/www.fondazioneunipolis.org\/site\/wp-content\/uploads\/2025\/12\/FU_S_01-scaled.jpg","datePublished":"2025-11-10T13:51:00+00:00","dateModified":"2025-12-29T08:49:47+00:00","breadcrumb":{"@id":"https:\/\/dx-factory-unipolis-corporate-wp.ha.servizi.gr-u.it\/site\/lavvio-di-stradabile-nel-calatino\/#breadcrumb"},"inLanguage":"it-IT","potentialAction":[{"@type":"ReadAction","target":["https:\/\/dx-factory-unipolis-corporate-wp.ha.servizi.gr-u.it\/site\/lavvio-di-stradabile-nel-calatino\/"]}]},{"@type":"ImageObject","inLanguage":"it-IT","@id":"https:\/\/dx-factory-unipolis-corporate-wp.ha.servizi.gr-u.it\/site\/lavvio-di-stradabile-nel-calatino\/#primaryimage","url":"https:\/\/www.fondazioneunipolis.org\/site\/wp-content\/uploads\/2025\/12\/FU_S_01-scaled.jpg","contentUrl":"https:\/\/www.fondazioneunipolis.org\/site\/wp-content\/uploads\/2025\/12\/FU_S_01-scaled.jpg","width":2560,"height":1707},{"@type":"BreadcrumbList","@id":"https:\/\/dx-factory-unipolis-corporate-wp.ha.servizi.gr-u.it\/site\/lavvio-di-stradabile-nel-calatino\/#breadcrumb","itemListElement":[{"@type":"ListItem","position":1,"name":"Home","item":"https:\/\/www.fondazioneunipolis.org\/site\/"},{"@type":"ListItem","position":2,"name":"L&#8217;avvio di stradAbile nel Calatino"}]},{"@type":"WebSite","@id":"https:\/\/www.fondazioneunipolis.org\/site\/#website","url":"https:\/\/www.fondazioneunipolis.org\/site\/","name":"Unipolis","description":"","publisher":{"@id":"https:\/\/www.fondazioneunipolis.org\/site\/#organization"},"potentialAction":[{"@type":"SearchAction","target":{"@type":"EntryPoint","urlTemplate":"https:\/\/www.fondazioneunipolis.org\/site\/?s={search_term_string}"},"query-input":{"@type":"PropertyValueSpecification","valueRequired":true,"valueName":"search_term_string"}}],"inLanguage":"it-IT"},{"@type":"Organization","@id":"https:\/\/www.fondazioneunipolis.org\/site\/#organization","name":"Unipolis","url":"https:\/\/www.fondazioneunipolis.org\/site\/","logo":{"@type":"ImageObject","inLanguage":"it-IT","@id":"https:\/\/www.fondazioneunipolis.org\/site\/#\/schema\/logo\/image\/","url":"https:\/\/www.fondazioneunipolis.org\/site\/wp-content\/uploads\/2025\/07\/logo-fondazione-unipolis-1.svg","contentUrl":"https:\/\/www.fondazioneunipolis.org\/site\/wp-content\/uploads\/2025\/07\/logo-fondazione-unipolis-1.svg","caption":"Unipolis"},"image":{"@id":"https:\/\/www.fondazioneunipolis.org\/site\/#\/schema\/logo\/image\/"}},{"@type":"Person","@id":"https:\/\/www.fondazioneunipolis.org\/site\/#\/schema\/person\/d4c6cd1bcb85b8015b0a30789455e15d","name":"francesco.moledda","image":{"@type":"ImageObject","inLanguage":"it-IT","@id":"https:\/\/www.fondazioneunipolis.org\/site\/#\/schema\/person\/image\/","url":"https:\/\/secure.gravatar.com\/avatar\/16d29b15e75534641258761bb8c6854ecd3d41cca9fbf67d65addcd3c3f8e993?s=96&d=mm&r=g","contentUrl":"https:\/\/secure.gravatar.com\/avatar\/16d29b15e75534641258761bb8c6854ecd3d41cca9fbf67d65addcd3c3f8e993?s=96&d=mm&r=g","caption":"francesco.moledda"},"url":"https:\/\/www.fondazioneunipolis.org\/site\/author\/francesco-moledda\/"}]}},"_links":{"self":[{"href":"https:\/\/www.fondazioneunipolis.org\/site\/wp-json\/wp\/v2\/posts\/10822","targetHints":{"allow":["GET"]}}],"collection":[{"href":"https:\/\/www.fondazioneunipolis.org\/site\/wp-json\/wp\/v2\/posts"}],"about":[{"href":"https:\/\/www.fondazioneunipolis.org\/site\/wp-json\/wp\/v2\/types\/post"}],"author":[{"embeddable":true,"href":"https:\/\/www.fondazioneunipolis.org\/site\/wp-json\/wp\/v2\/users\/8"}],"replies":[{"embeddable":true,"href":"https:\/\/www.fondazioneunipolis.org\/site\/wp-json\/wp\/v2\/comments?post=10822"}],"version-history":[{"count":1,"href":"https:\/\/www.fondazioneunipolis.org\/site\/wp-json\/wp\/v2\/posts\/10822\/revisions"}],"predecessor-version":[{"id":10825,"href":"https:\/\/www.fondazioneunipolis.org\/site\/wp-json\/wp\/v2\/posts\/10822\/revisions\/10825"}],"wp:featuredmedia":[{"embeddable":true,"href":"https:\/\/www.fondazioneunipolis.org\/site\/wp-json\/wp\/v2\/media\/10826"}],"wp:attachment":[{"href":"https:\/\/www.fondazioneunipolis.org\/site\/wp-json\/wp\/v2\/media?parent=10822"}],"wp:term":[{"taxonomy":"category","embeddable":true,"href":"https:\/\/www.fondazioneunipolis.org\/site\/wp-json\/wp\/v2\/categories?post=10822"},{"taxonomy":"post_tag","embeddable":true,"href":"https:\/\/www.fondazioneunipolis.org\/site\/wp-json\/wp\/v2\/tags?post=10822"}],"curies":[{"name":"wp","href":"https:\/\/api.w.org\/{rel}","templated":true}]}}