{"id":10811,"date":"2025-11-21T14:46:14","date_gmt":"2025-11-21T13:46:14","guid":{"rendered":"https:\/\/www.fondazioneunipolis.org\/site\/?p=10811"},"modified":"2026-01-29T18:05:16","modified_gmt":"2026-01-29T17:05:16","slug":"lavvio-di-stradabile-a-torino","status":"publish","type":"post","link":"https:\/\/www.fondazioneunipolis.org\/site\/news\/lavvio-di-stradabile-a-torino\/","title":{"rendered":"L&#8217;avvio di stradAbile a Torino"},"content":{"rendered":"\n<h3 class=\"wp-block-heading\">A Torino parte&nbsp;stradAbile, il progetto nazionale&nbsp;di Fondazione Unipolis che apre strade concrete all\u2019inclusione sociale di migranti, rifugiati&nbsp;e richiedenti asilo.\u200b<\/h3>\n\n\n\n<h3 class=\"wp-block-heading\">65 beneficiari coinvolti nel capoluogo piemontese, con un corso sulla sicurezza stradale e la mobilit\u00e0 in Italia, 15 voucher per la patente e la prima piattaforma web multilingue sulla sicurezza stradale.\u200b<\/h3>\n\n\n\n<p>Nel pomeriggio del 18 novembre, presso i locali del Servizio adulti in difficolt\u00e0 della Citt\u00e0 di Torino, in via Bruino 4, \u00e8 stato lanciato&nbsp;<em><strong>stradAbile\u200b<\/strong><\/em>, il progetto nazionale che apre strade concrete all\u2019inclusione sociale di migranti, rifugiati e richiedenti asilo. Il capoluogo piemontese \u00e8 una delle nove citt\u00e0 coinvolte in tutta Italia insieme a Milano, Brescia, Modena, Parma, Roma, Bari e Catania.<\/p>\n\n\n\n<p>Ideato da&nbsp;<strong>Fondazione Unipolis<\/strong>, la fondazione d\u2019impresa del Gruppo Unipol,&nbsp;<em>stradAbile<\/em>&nbsp;promuove la&nbsp;<strong>sicurezza stradale<\/strong>&nbsp;<strong>e l\u2019accesso equo alla mobilit\u00e0<\/strong>&nbsp;come strumenti di autonomia, dignit\u00e0 e partecipazione. Il progetto \u00e8 realizzato in collaborazione con&nbsp;<strong>UNHCR &#8211; Agenzia ONU per i Rifugiati<\/strong>,&nbsp;<strong>UNASCA<\/strong>&nbsp;(Unione Nazionale Autoscuole e Studi di Consulenza Automobilistica),&nbsp;<strong>UISP \u2013 Sport per Tutti<\/strong>&nbsp;e i&nbsp;<strong>Consigli Regionali Unipol<\/strong>&nbsp;(CRU).<\/p>\n\n\n\n<p>Nel territorio di Torino, oltre&nbsp;<strong>65 beneficiari<\/strong>&nbsp;coinvolti da&nbsp;<strong>25 organizzazioni&nbsp;<\/strong>hanno partecipato alle tre ore di formazione previste dal filone del progetto chiamato&nbsp;<strong><em>stradAbile al volante<\/em><\/strong>&nbsp;e tenute da UNASCA.<\/p>\n\n\n\n<p>Durante la formazione sono stati affrontati temi fondamentali come la segnaletica, i dispositivi di sicurezza, i comportamenti corretti e quelli pericolosi nello spazio stradale, le possibili conseguenze sanzionatorie, civili e penali, oltre a una panoramica sui principali veicoli presenti in citt\u00e0 e sulle loro criticit\u00e0. A tutti i partecipanti \u00e8 stato rilasciato un attestato ufficiale di partecipazione.<\/p>\n\n\n\n<p>Al termine del corso i partecipanti hanno sostenuto un test e i&nbsp;<strong>15<\/strong>&nbsp;migliori riceveranno un&nbsp;<strong>voucher che coprir\u00e0 tutti i costi previsti per il conseguimento della patente B<\/strong>. Sono inoltre allo studio accordi con imprese del territorio che prevedono l\u2019assunzione di rifugiati ai quali Fondazione Unipolis garantir\u00e0 il sostegno economico per ottenere la&nbsp;<strong>patente C<\/strong>. L\u2019iniziativa risponde all\u2019obiettivo strategico di incrementare l\u2019impiegabilit\u00e0 dei beneficiari ampliando le loro opportunit\u00e0 di inclusione lavorativa in settori dove la patente \u00e8 un requisito fondamentale.<\/p>\n\n\n\n<p><em>stradAbile<\/em>&nbsp;nasce da un dato di realt\u00e0: secondo il Rapporto&nbsp;<strong>ACI\u2013ISTAT 2024<\/strong>, le persone straniere risultano tra i gruppi pi\u00f9 vulnerabili sulle strade italiane, con un elevato numero di incidenti soprattutto tra ciclisti, utenti di monopattini e conducenti di autovetture. Su 148.215 conducenti feriti in incidenti, quasi&nbsp;<strong>20.000 sono stranieri<\/strong>, pari al&nbsp;<strong>13,5% del totale<\/strong>.<\/p>\n\n\n\n<p>In questo scenario si inserisce&nbsp;<em>stradAbile<\/em>, che unisce&nbsp;<strong>educazione, empowerment e strumenti concreti<\/strong>&nbsp;per superare barriere linguistiche, economiche e culturali.&nbsp;Per ampliare l\u2019impatto, il progetto realizzer\u00e0 inoltre&nbsp;<strong>la prima piattaforma web multilingue e interattiva sulla sicurezza stradale dedicata agli stranieri in Italia<\/strong>, con contenuti co-creati insieme ai partecipanti. Uno strumento innovativo e accessibile, pensato per diffondere conoscenze e buone pratiche in modo inclusivo.<\/p>\n\n\n\n<p><em>&#8220;L&#8217;<\/em><em>equit\u00e0&nbsp;d\u2019accesso e di opportunit\u00e0 \u00e8 l\u2019obiettivo primario degli interventi della Fondazione Unipolis: per questo abbiamo scelto di portarla al centro anche delle nostre iniziative sulla mobilit\u00e0. Con stradAbile abbiamo deciso di supportare chi arriva nel nostro Paese nel percorso verso diritti fondamentali che nel proprio non riesce a ottenere, offrendo strumenti concreti per la mobilit\u00e0, prerequisito essenziale per molti altri diritti<\/em><em>&#8220;<\/em>&nbsp;\u2013 ha affermato<strong>&nbsp;Marisa Parmigiani<\/strong>,<strong>&nbsp;<\/strong>Consigliera Delegata di Fondazione Unipolis.<\/p>\n\n\n\n<p><em>\u201cGarantire alle persone rifugiate l\u2019accesso alla patente e a una mobilit\u00e0 sicura significa offrire strumenti concreti per la loro autonomia e per un futuro pi\u00f9 stabile. Pi\u00f9 mobilit\u00e0 vuol dire pi\u00f9 integrazione! La possibilit\u00e0 di spostarsi amplia le opportunit\u00e0 lavorative, consentendo di accedere a impieghi pi\u00f9 in linea con competenze e talenti, e di trovare soluzioni abitative dignitose. Per queste ragioni abbiamo scelto con entusiasmo di collaborare al progetto stradAbile di Fondazione UNIPOLIS, convinti che investire nell\u2019integrazione dei rifugiati generi sempre un impatto positivo per tutto il Paese.\u201d \u2013&nbsp;<\/em>ha affermato&nbsp;<strong>Chiara Cardoletti<\/strong>, Rappresentante UNHCR per l\u2019Italia, la Santa&nbsp;Sede e San Marino.<\/p>\n\n\n\n<p><em>\u201cLa patente non \u00e8 soltanto un titolo abilitativo alla guida: \u00e8 uno strumento di integrazione, di inclusione e di autonomia personale. Con il progetto STRADABILE offriamo a persone rifugiate nel nostro Paese un<\/em><em>\u2019<\/em><em>occasione concreta per ricostruire la propria vita. Parliamo di uomini e donne che giungono in Italia portando con s\u00e9 esperienze complesse, ma anche una straordinaria determinazione nel voler ripartire e contribuire alla nostra comunit\u00e0. Il nostro compito, come associazione, \u00e8 rendere il loro percorso di integrazione il pi\u00f9 agevole ed efficace possibile. Garantire l<\/em><em>\u2019<\/em><em>accesso alla mobilit\u00e0 significa garantire libert\u00e0 di circolazione e piena autonomia: diritti riconosciuti dalla nostra Costituzione e fondamentali per una reale inclusione sociale e lavorativa. Abbiamo scelto di sostenere e promuovere questo progetto proprio per offrire ai beneficiari una corsia preferenziale in termini di assistenza, accompagnamento e integrazione concreta. Crediamo fortemente che, attraverso la formazione e l<\/em><em>\u2019<\/em><em>educazione stradale, si possano costruire opportunit\u00e0 reali e durature per il futuro di queste persone.\u201d &#8211;&nbsp;<\/em>conclude&nbsp;<strong>Alfredo Boenzi<\/strong>, Segretario Nazionale Autoscuole UNASCA.<\/p>\n","protected":false},"excerpt":{"rendered":"<p>A Torino parte&nbsp;stradAbile, il progetto nazionale&nbsp;di Fondazione Unipolis che apre strade concrete all\u2019inclusione sociale di migranti, rifugiati&nbsp;e richiedenti asilo.\u200b 65 beneficiari coinvolti nel capoluogo piemontese, con un corso sulla sicurezza stradale e la mobilit\u00e0 in Italia, 15 voucher per la patente e la prima piattaforma web multilingue sulla sicurezza stradale.\u200b Nel pomeriggio del 18 novembre, [&hellip;]<\/p>\n","protected":false},"author":8,"featured_media":10815,"comment_status":"open","ping_status":"open","sticky":false,"template":"","format":"standard","meta":{"_acf_changed":false,"footnotes":""},"categories":[16],"tags":[711],"class_list":["post-10811","post","type-post","status-publish","format-standard","has-post-thumbnail","hentry","category-mobilita","tag-stradabile"],"acf":[],"yoast_head":"<!-- This site is optimized with the Yoast SEO plugin v26.1.1 - https:\/\/yoast.com\/wordpress\/plugins\/seo\/ -->\n<title>L&#039;avvio di stradAbile a Torino - Unipolis<\/title>\n<meta name=\"robots\" content=\"index, follow, max-snippet:-1, max-image-preview:large, max-video-preview:-1\" \/>\n<link rel=\"canonical\" href=\"https:\/\/www.fondazioneunipolis.org\/site\/news\/lavvio-di-stradabile-a-torino\/\" \/>\n<meta property=\"og:locale\" content=\"it_IT\" \/>\n<meta property=\"og:type\" content=\"article\" \/>\n<meta property=\"og:title\" content=\"L&#039;avvio di stradAbile a Torino - Unipolis\" \/>\n<meta property=\"og:description\" content=\"A Torino parte&nbsp;stradAbile, il progetto nazionale&nbsp;di Fondazione Unipolis che apre strade concrete all\u2019inclusione sociale di migranti, rifugiati&nbsp;e richiedenti asilo.\u200b 65 beneficiari coinvolti nel capoluogo piemontese, con un corso sulla sicurezza stradale e la mobilit\u00e0 in Italia, 15 voucher per la patente e la prima piattaforma web multilingue sulla sicurezza stradale.\u200b Nel pomeriggio del 18 novembre, [&hellip;]\" \/>\n<meta property=\"og:url\" content=\"https:\/\/www.fondazioneunipolis.org\/site\/news\/lavvio-di-stradabile-a-torino\/\" \/>\n<meta property=\"og:site_name\" content=\"Unipolis\" \/>\n<meta property=\"article:published_time\" content=\"2025-11-21T13:46:14+00:00\" \/>\n<meta property=\"article:modified_time\" content=\"2026-01-29T17:05:16+00:00\" \/>\n<meta property=\"og:image\" content=\"https:\/\/www.fondazioneunipolis.org\/site\/wp-content\/uploads\/2025\/12\/torino_stradabile.jpeg\" \/>\n\t<meta property=\"og:image:width\" content=\"1200\" \/>\n\t<meta property=\"og:image:height\" content=\"900\" \/>\n\t<meta property=\"og:image:type\" content=\"image\/jpeg\" \/>\n<meta name=\"author\" content=\"francesco.moledda\" \/>\n<meta name=\"twitter:card\" content=\"summary_large_image\" \/>\n<meta name=\"twitter:label1\" content=\"Written by\" \/>\n\t<meta name=\"twitter:data1\" content=\"francesco.moledda\" \/>\n\t<meta name=\"twitter:label2\" content=\"Est. reading time\" \/>\n\t<meta name=\"twitter:data2\" content=\"5 minutes\" \/>\n<script type=\"application\/ld+json\" class=\"yoast-schema-graph\">{\"@context\":\"https:\/\/schema.org\",\"@graph\":[{\"@type\":\"Article\",\"@id\":\"https:\/\/www.fondazioneunipolis.org\/site\/news\/lavvio-di-stradabile-a-torino\/#article\",\"isPartOf\":{\"@id\":\"https:\/\/www.fondazioneunipolis.org\/site\/news\/lavvio-di-stradabile-a-torino\/\"},\"author\":{\"name\":\"francesco.moledda\",\"@id\":\"https:\/\/www.fondazioneunipolis.org\/site\/#\/schema\/person\/d4c6cd1bcb85b8015b0a30789455e15d\"},\"headline\":\"L&#8217;avvio di stradAbile a Torino\",\"datePublished\":\"2025-11-21T13:46:14+00:00\",\"dateModified\":\"2026-01-29T17:05:16+00:00\",\"mainEntityOfPage\":{\"@id\":\"https:\/\/www.fondazioneunipolis.org\/site\/news\/lavvio-di-stradabile-a-torino\/\"},\"wordCount\":849,\"commentCount\":0,\"publisher\":{\"@id\":\"https:\/\/www.fondazioneunipolis.org\/site\/#organization\"},\"image\":{\"@id\":\"https:\/\/www.fondazioneunipolis.org\/site\/news\/lavvio-di-stradabile-a-torino\/#primaryimage\"},\"thumbnailUrl\":\"https:\/\/www.fondazioneunipolis.org\/site\/wp-content\/uploads\/2025\/12\/torino_stradabile.jpeg\",\"keywords\":[\"stradabile\"],\"articleSection\":[\"Mobilit\u00e0\"],\"inLanguage\":\"it-IT\",\"potentialAction\":[{\"@type\":\"CommentAction\",\"name\":\"Comment\",\"target\":[\"https:\/\/www.fondazioneunipolis.org\/site\/news\/lavvio-di-stradabile-a-torino\/#respond\"]}]},{\"@type\":\"WebPage\",\"@id\":\"https:\/\/www.fondazioneunipolis.org\/site\/news\/lavvio-di-stradabile-a-torino\/\",\"url\":\"https:\/\/www.fondazioneunipolis.org\/site\/news\/lavvio-di-stradabile-a-torino\/\",\"name\":\"L'avvio di stradAbile a Torino - Unipolis\",\"isPartOf\":{\"@id\":\"https:\/\/www.fondazioneunipolis.org\/site\/#website\"},\"primaryImageOfPage\":{\"@id\":\"https:\/\/www.fondazioneunipolis.org\/site\/news\/lavvio-di-stradabile-a-torino\/#primaryimage\"},\"image\":{\"@id\":\"https:\/\/www.fondazioneunipolis.org\/site\/news\/lavvio-di-stradabile-a-torino\/#primaryimage\"},\"thumbnailUrl\":\"https:\/\/www.fondazioneunipolis.org\/site\/wp-content\/uploads\/2025\/12\/torino_stradabile.jpeg\",\"datePublished\":\"2025-11-21T13:46:14+00:00\",\"dateModified\":\"2026-01-29T17:05:16+00:00\",\"breadcrumb\":{\"@id\":\"https:\/\/www.fondazioneunipolis.org\/site\/news\/lavvio-di-stradabile-a-torino\/#breadcrumb\"},\"inLanguage\":\"it-IT\",\"potentialAction\":[{\"@type\":\"ReadAction\",\"target\":[\"https:\/\/www.fondazioneunipolis.org\/site\/news\/lavvio-di-stradabile-a-torino\/\"]}]},{\"@type\":\"ImageObject\",\"inLanguage\":\"it-IT\",\"@id\":\"https:\/\/www.fondazioneunipolis.org\/site\/news\/lavvio-di-stradabile-a-torino\/#primaryimage\",\"url\":\"https:\/\/www.fondazioneunipolis.org\/site\/wp-content\/uploads\/2025\/12\/torino_stradabile.jpeg\",\"contentUrl\":\"https:\/\/www.fondazioneunipolis.org\/site\/wp-content\/uploads\/2025\/12\/torino_stradabile.jpeg\",\"width\":1200,\"height\":900},{\"@type\":\"BreadcrumbList\",\"@id\":\"https:\/\/www.fondazioneunipolis.org\/site\/news\/lavvio-di-stradabile-a-torino\/#breadcrumb\",\"itemListElement\":[{\"@type\":\"ListItem\",\"position\":1,\"name\":\"Home\",\"item\":\"https:\/\/www.fondazioneunipolis.org\/site\/\"},{\"@type\":\"ListItem\",\"position\":2,\"name\":\"L&#8217;avvio di stradAbile a Torino\"}]},{\"@type\":\"WebSite\",\"@id\":\"https:\/\/www.fondazioneunipolis.org\/site\/#website\",\"url\":\"https:\/\/www.fondazioneunipolis.org\/site\/\",\"name\":\"Unipolis\",\"description\":\"\",\"publisher\":{\"@id\":\"https:\/\/www.fondazioneunipolis.org\/site\/#organization\"},\"potentialAction\":[{\"@type\":\"SearchAction\",\"target\":{\"@type\":\"EntryPoint\",\"urlTemplate\":\"https:\/\/www.fondazioneunipolis.org\/site\/?s={search_term_string}\"},\"query-input\":{\"@type\":\"PropertyValueSpecification\",\"valueRequired\":true,\"valueName\":\"search_term_string\"}}],\"inLanguage\":\"it-IT\"},{\"@type\":\"Organization\",\"@id\":\"https:\/\/www.fondazioneunipolis.org\/site\/#organization\",\"name\":\"Unipolis\",\"url\":\"https:\/\/www.fondazioneunipolis.org\/site\/\",\"logo\":{\"@type\":\"ImageObject\",\"inLanguage\":\"it-IT\",\"@id\":\"https:\/\/www.fondazioneunipolis.org\/site\/#\/schema\/logo\/image\/\",\"url\":\"https:\/\/www.fondazioneunipolis.org\/site\/wp-content\/uploads\/2025\/07\/logo-fondazione-unipolis-1.svg\",\"contentUrl\":\"https:\/\/www.fondazioneunipolis.org\/site\/wp-content\/uploads\/2025\/07\/logo-fondazione-unipolis-1.svg\",\"caption\":\"Unipolis\"},\"image\":{\"@id\":\"https:\/\/www.fondazioneunipolis.org\/site\/#\/schema\/logo\/image\/\"}},{\"@type\":\"Person\",\"@id\":\"https:\/\/www.fondazioneunipolis.org\/site\/#\/schema\/person\/d4c6cd1bcb85b8015b0a30789455e15d\",\"name\":\"francesco.moledda\",\"image\":{\"@type\":\"ImageObject\",\"inLanguage\":\"it-IT\",\"@id\":\"https:\/\/www.fondazioneunipolis.org\/site\/#\/schema\/person\/image\/\",\"url\":\"https:\/\/secure.gravatar.com\/avatar\/16d29b15e75534641258761bb8c6854ecd3d41cca9fbf67d65addcd3c3f8e993?s=96&d=mm&r=g\",\"contentUrl\":\"https:\/\/secure.gravatar.com\/avatar\/16d29b15e75534641258761bb8c6854ecd3d41cca9fbf67d65addcd3c3f8e993?s=96&d=mm&r=g\",\"caption\":\"francesco.moledda\"},\"url\":\"https:\/\/www.fondazioneunipolis.org\/site\/author\/francesco-moledda\/\"}]}<\/script>\n<!-- \/ Yoast SEO plugin. -->","yoast_head_json":{"title":"L'avvio di stradAbile a Torino - Unipolis","robots":{"index":"index","follow":"follow","max-snippet":"max-snippet:-1","max-image-preview":"max-image-preview:large","max-video-preview":"max-video-preview:-1"},"canonical":"https:\/\/www.fondazioneunipolis.org\/site\/news\/lavvio-di-stradabile-a-torino\/","og_locale":"it_IT","og_type":"article","og_title":"L'avvio di stradAbile a Torino - Unipolis","og_description":"A Torino parte&nbsp;stradAbile, il progetto nazionale&nbsp;di Fondazione Unipolis che apre strade concrete all\u2019inclusione sociale di migranti, rifugiati&nbsp;e richiedenti asilo.\u200b 65 beneficiari coinvolti nel capoluogo piemontese, con un corso sulla sicurezza stradale e la mobilit\u00e0 in Italia, 15 voucher per la patente e la prima piattaforma web multilingue sulla sicurezza stradale.\u200b Nel pomeriggio del 18 novembre, [&hellip;]","og_url":"https:\/\/www.fondazioneunipolis.org\/site\/news\/lavvio-di-stradabile-a-torino\/","og_site_name":"Unipolis","article_published_time":"2025-11-21T13:46:14+00:00","article_modified_time":"2026-01-29T17:05:16+00:00","og_image":[{"width":1200,"height":900,"url":"https:\/\/www.fondazioneunipolis.org\/site\/wp-content\/uploads\/2025\/12\/torino_stradabile.jpeg","type":"image\/jpeg"}],"author":"francesco.moledda","twitter_card":"summary_large_image","twitter_misc":{"Written by":"francesco.moledda","Est. reading time":"5 minutes"},"schema":{"@context":"https:\/\/schema.org","@graph":[{"@type":"Article","@id":"https:\/\/www.fondazioneunipolis.org\/site\/news\/lavvio-di-stradabile-a-torino\/#article","isPartOf":{"@id":"https:\/\/www.fondazioneunipolis.org\/site\/news\/lavvio-di-stradabile-a-torino\/"},"author":{"name":"francesco.moledda","@id":"https:\/\/www.fondazioneunipolis.org\/site\/#\/schema\/person\/d4c6cd1bcb85b8015b0a30789455e15d"},"headline":"L&#8217;avvio di stradAbile a Torino","datePublished":"2025-11-21T13:46:14+00:00","dateModified":"2026-01-29T17:05:16+00:00","mainEntityOfPage":{"@id":"https:\/\/www.fondazioneunipolis.org\/site\/news\/lavvio-di-stradabile-a-torino\/"},"wordCount":849,"commentCount":0,"publisher":{"@id":"https:\/\/www.fondazioneunipolis.org\/site\/#organization"},"image":{"@id":"https:\/\/www.fondazioneunipolis.org\/site\/news\/lavvio-di-stradabile-a-torino\/#primaryimage"},"thumbnailUrl":"https:\/\/www.fondazioneunipolis.org\/site\/wp-content\/uploads\/2025\/12\/torino_stradabile.jpeg","keywords":["stradabile"],"articleSection":["Mobilit\u00e0"],"inLanguage":"it-IT","potentialAction":[{"@type":"CommentAction","name":"Comment","target":["https:\/\/www.fondazioneunipolis.org\/site\/news\/lavvio-di-stradabile-a-torino\/#respond"]}]},{"@type":"WebPage","@id":"https:\/\/www.fondazioneunipolis.org\/site\/news\/lavvio-di-stradabile-a-torino\/","url":"https:\/\/www.fondazioneunipolis.org\/site\/news\/lavvio-di-stradabile-a-torino\/","name":"L'avvio di stradAbile a Torino - Unipolis","isPartOf":{"@id":"https:\/\/www.fondazioneunipolis.org\/site\/#website"},"primaryImageOfPage":{"@id":"https:\/\/www.fondazioneunipolis.org\/site\/news\/lavvio-di-stradabile-a-torino\/#primaryimage"},"image":{"@id":"https:\/\/www.fondazioneunipolis.org\/site\/news\/lavvio-di-stradabile-a-torino\/#primaryimage"},"thumbnailUrl":"https:\/\/www.fondazioneunipolis.org\/site\/wp-content\/uploads\/2025\/12\/torino_stradabile.jpeg","datePublished":"2025-11-21T13:46:14+00:00","dateModified":"2026-01-29T17:05:16+00:00","breadcrumb":{"@id":"https:\/\/www.fondazioneunipolis.org\/site\/news\/lavvio-di-stradabile-a-torino\/#breadcrumb"},"inLanguage":"it-IT","potentialAction":[{"@type":"ReadAction","target":["https:\/\/www.fondazioneunipolis.org\/site\/news\/lavvio-di-stradabile-a-torino\/"]}]},{"@type":"ImageObject","inLanguage":"it-IT","@id":"https:\/\/www.fondazioneunipolis.org\/site\/news\/lavvio-di-stradabile-a-torino\/#primaryimage","url":"https:\/\/www.fondazioneunipolis.org\/site\/wp-content\/uploads\/2025\/12\/torino_stradabile.jpeg","contentUrl":"https:\/\/www.fondazioneunipolis.org\/site\/wp-content\/uploads\/2025\/12\/torino_stradabile.jpeg","width":1200,"height":900},{"@type":"BreadcrumbList","@id":"https:\/\/www.fondazioneunipolis.org\/site\/news\/lavvio-di-stradabile-a-torino\/#breadcrumb","itemListElement":[{"@type":"ListItem","position":1,"name":"Home","item":"https:\/\/www.fondazioneunipolis.org\/site\/"},{"@type":"ListItem","position":2,"name":"L&#8217;avvio di stradAbile a Torino"}]},{"@type":"WebSite","@id":"https:\/\/www.fondazioneunipolis.org\/site\/#website","url":"https:\/\/www.fondazioneunipolis.org\/site\/","name":"Unipolis","description":"","publisher":{"@id":"https:\/\/www.fondazioneunipolis.org\/site\/#organization"},"potentialAction":[{"@type":"SearchAction","target":{"@type":"EntryPoint","urlTemplate":"https:\/\/www.fondazioneunipolis.org\/site\/?s={search_term_string}"},"query-input":{"@type":"PropertyValueSpecification","valueRequired":true,"valueName":"search_term_string"}}],"inLanguage":"it-IT"},{"@type":"Organization","@id":"https:\/\/www.fondazioneunipolis.org\/site\/#organization","name":"Unipolis","url":"https:\/\/www.fondazioneunipolis.org\/site\/","logo":{"@type":"ImageObject","inLanguage":"it-IT","@id":"https:\/\/www.fondazioneunipolis.org\/site\/#\/schema\/logo\/image\/","url":"https:\/\/www.fondazioneunipolis.org\/site\/wp-content\/uploads\/2025\/07\/logo-fondazione-unipolis-1.svg","contentUrl":"https:\/\/www.fondazioneunipolis.org\/site\/wp-content\/uploads\/2025\/07\/logo-fondazione-unipolis-1.svg","caption":"Unipolis"},"image":{"@id":"https:\/\/www.fondazioneunipolis.org\/site\/#\/schema\/logo\/image\/"}},{"@type":"Person","@id":"https:\/\/www.fondazioneunipolis.org\/site\/#\/schema\/person\/d4c6cd1bcb85b8015b0a30789455e15d","name":"francesco.moledda","image":{"@type":"ImageObject","inLanguage":"it-IT","@id":"https:\/\/www.fondazioneunipolis.org\/site\/#\/schema\/person\/image\/","url":"https:\/\/secure.gravatar.com\/avatar\/16d29b15e75534641258761bb8c6854ecd3d41cca9fbf67d65addcd3c3f8e993?s=96&d=mm&r=g","contentUrl":"https:\/\/secure.gravatar.com\/avatar\/16d29b15e75534641258761bb8c6854ecd3d41cca9fbf67d65addcd3c3f8e993?s=96&d=mm&r=g","caption":"francesco.moledda"},"url":"https:\/\/www.fondazioneunipolis.org\/site\/author\/francesco-moledda\/"}]}},"_links":{"self":[{"href":"https:\/\/www.fondazioneunipolis.org\/site\/wp-json\/wp\/v2\/posts\/10811","targetHints":{"allow":["GET"]}}],"collection":[{"href":"https:\/\/www.fondazioneunipolis.org\/site\/wp-json\/wp\/v2\/posts"}],"about":[{"href":"https:\/\/www.fondazioneunipolis.org\/site\/wp-json\/wp\/v2\/types\/post"}],"author":[{"embeddable":true,"href":"https:\/\/www.fondazioneunipolis.org\/site\/wp-json\/wp\/v2\/users\/8"}],"replies":[{"embeddable":true,"href":"https:\/\/www.fondazioneunipolis.org\/site\/wp-json\/wp\/v2\/comments?post=10811"}],"version-history":[{"count":2,"href":"https:\/\/www.fondazioneunipolis.org\/site\/wp-json\/wp\/v2\/posts\/10811\/revisions"}],"predecessor-version":[{"id":11859,"href":"https:\/\/www.fondazioneunipolis.org\/site\/wp-json\/wp\/v2\/posts\/10811\/revisions\/11859"}],"wp:featuredmedia":[{"embeddable":true,"href":"https:\/\/www.fondazioneunipolis.org\/site\/wp-json\/wp\/v2\/media\/10815"}],"wp:attachment":[{"href":"https:\/\/www.fondazioneunipolis.org\/site\/wp-json\/wp\/v2\/media?parent=10811"}],"wp:term":[{"taxonomy":"category","embeddable":true,"href":"https:\/\/www.fondazioneunipolis.org\/site\/wp-json\/wp\/v2\/categories?post=10811"},{"taxonomy":"post_tag","embeddable":true,"href":"https:\/\/www.fondazioneunipolis.org\/site\/wp-json\/wp\/v2\/tags?post=10811"}],"curies":[{"name":"wp","href":"https:\/\/api.w.org\/{rel}","templated":true}]}}