{"id":10802,"date":"2025-12-04T14:40:57","date_gmt":"2025-12-04T13:40:57","guid":{"rendered":"https:\/\/www.fondazioneunipolis.org\/site\/?p=10802"},"modified":"2026-01-29T18:06:46","modified_gmt":"2026-01-29T17:06:46","slug":"lavvio-di-stradabile-a-roma","status":"publish","type":"post","link":"https:\/\/www.fondazioneunipolis.org\/site\/news\/lavvio-di-stradabile-a-roma\/","title":{"rendered":"L&#8217;avvio di stradAbile a Roma"},"content":{"rendered":"\n<h3 class=\"wp-block-heading\">A Roma prende il via&nbsp;stradAbile, il progetto nazionale di Fondazione Unipolis che favorisce l\u2019inclusione sociale di migranti, rifugiati e richiedenti asilo attraverso l\u2019educazione alla sicurezza stradale e l\u2019accesso equo alla mobilit\u00e0.<\/h3>\n\n\n\n<p>\u00c8 stato presentato questa mattina presso il Centro Congressi Frentani di Roma&nbsp;<em>stradAbile<\/em>, il progetto nazionale promosso da Fondazione Unipolis \u2013 la fondazione d\u2019impresa di Unipol \u2013 per rendere la mobilit\u00e0 uno strumento di autonomia, dignit\u00e0 e partecipazione. Roma \u00e8 una delle nove citt\u00e0 coinvolte in tutta Italia insieme a Milano, Torino, Brescia, Modena, Parma, Bari e Catania.<\/p>\n\n\n\n<p>Sviluppato in collaborazione con<strong>&nbsp;UNHCR &#8211; Agenzia ONU per i Rifugiati<\/strong>,&nbsp;<strong>UNASCA<\/strong>&nbsp;(Unione Nazionale Autoscuole e Studi di Consulenza Automobilistica),&nbsp;<strong>UISP \u2013 Sport per Tutti<\/strong>&nbsp;e i&nbsp;<strong>Consigli Regionali Unipol<\/strong>&nbsp;(CRU), stradAbile promuove l\u2019educazione alla sicurezza stradale e l\u2019accesso alla patente come leve di inclusione e appetibilit\u00e0 professionale.<\/p>\n\n\n\n<p>Nella Capitale&nbsp;<strong>oltre 130 beneficiari<\/strong>&nbsp;coinvolti da&nbsp;<strong>48 organizzazioni del territorio<\/strong>, hanno partecipato al percorso formativo&nbsp;<em>stradAbile al volante<\/em>, tre ore di e\u200bducazione alla mobilit\u00e0 curate da UNASCA. La formazione ha affrontato i principali temi della sicurezza: segnaletica, dispositivi obbligatori, comportamenti corretti e pericolosi, conseguenze sanzionatorie e responsabilit\u00e0 civili e penali. Al termine, tutti i partecipanti hanno ricevuto un attestato ufficiale.<\/p>\n\n\n\n<p>Al termine del corso i partecipanti hanno sostenuto un test e i&nbsp;<strong>15<\/strong>&nbsp;migliori riceveranno un&nbsp;<strong>voucher che coprir\u00e0 tutti i costi previsti per il conseguimento della patente B<\/strong>. Sono inoltre allo studio accordi con imprese del territorio che prevedono l\u2019assunzione di rifugiati ai quali Fondazione Unipolis garantir\u00e0 il sostegno economico per ottenere la&nbsp;<strong>patente C<\/strong>. L\u2019iniziativa risponde all\u2019obiettivo strategico di incrementare l\u2019impiegabilit\u00e0 dei beneficiari ampliando le loro opportunit\u00e0 di inclusione lavorativa in settori dove la patente \u00e8 un requisito fondamentale.<\/p>\n\n\n\n<p>Secondo il Rapporto&nbsp;<strong>ACI\u2013ISTAT 2024<\/strong>, le persone straniere risultano tra i gruppi pi\u00f9 vulnerabili sulle strade italiane, con un elevato numero di incidenti soprattutto tra ciclisti, utenti di monopattini e conducenti di autovetture. Su 148.215 conducenti feriti in incidenti, quasi&nbsp;<strong>20.000 sono stranieri<\/strong>, pari al&nbsp;<strong>13,5% del totale<\/strong>. stradAbile nasce per rispondere a questo divario, offrendo&nbsp;<strong>educazione, empowerment e strumenti concreti<\/strong>&nbsp;per superare barriere linguistiche, economiche e culturali.<\/p>\n\n\n\n<p>Per ampliare l\u2019impatto, il progetto realizzer\u00e0 inoltre&nbsp;<strong>la prima piattaforma web multilingue e interattiva sulla sicurezza stradale dedicata agli stranieri in Italia<\/strong>, con contenuti co-creati insieme ai partecipanti. Uno strumento innovativo e accessibile, pensato per diffondere conoscenze e buone pratiche in modo inclusivo.<\/p>\n\n\n\n<p>&#8220;<em>L\u2019equit\u00e0 d\u2019accesso e di opportunit\u00e0 \u00e8 l\u2019obiettivo primario degli interventi della Fondazione Unipolis: per questo abbiamo scelto di portarla al centro anche delle nostre iniziative sulla mobilit\u00e0. Con stradAbile abbiamo deciso di supportare chi arriva nel nostro Paese nel percorso verso diritti fondamentali che nel proprio non riesce a ottenere, offrendo strumenti concreti per la mobilit\u00e0, prerequisito essenziale per molti altri diritti&#8221;<\/em>&nbsp;\u2013 ha affermato<strong>&nbsp;Marisa Parmigiani<\/strong>,<strong>&nbsp;<\/strong>Consigliera Delegata di Fondazione Unipolis.<\/p>\n\n\n\n<p><em>&#8220;Garantire alle persone rifugiate l\u2019accesso alla patente e a una mobilit\u00e0 sicura significa offrire strumenti concreti per la loro autonomia e per un futuro pi\u00f9 stabile. Pi\u00f9 mobilit\u00e0 vuol dire pi\u00f9 integrazione! La possibilit\u00e0 di spostarsi amplia le opportunit\u00e0 lavorative, consentendo di accedere a impieghi pi\u00f9 in linea con competenze e talentI. Per queste ragioni abbiamo scelto con entusiasmo di collaborare al progetto stradAbile di Fondazione UNIPOLIS, convinti che investire nell\u2019integrazione dei rifugiati generi sempre un impatto positivo per tutto il Paese.&#8221;&nbsp;\u2013&nbsp;<\/em>ha affermato&nbsp;<strong>Chiara Cardoletti<\/strong>, Rappresentante UNHCR per l\u2019Italia, la santa Sede e San Marino.<\/p>\n\n\n\n<p><em>&#8220;Con il progetto STRADABILE offriamo a persone rifugiate nel nostro Paese un<\/em><em>\u2019<\/em><em>occasione concreta per ricostruire la propria vita. Parliamo di uomini e donne che giungono in Italia portando con s\u00e9 esperienze complesse, ma anche una straordinaria determinazione nel voler ripartire e contribuire alla nostra comunit\u00e0. Il nostro compito, come associazione, \u00e8 rendere il loro percorso di integrazione il pi\u00f9 agevole ed efficace possibile. Garantire l<\/em><em>\u2019<\/em><em>accesso alla mobilit\u00e0 significa garantire libert\u00e0 di circolazione e piena autonomia: diritti riconosciuti dalla nostra Costituzione e fondamentali per una reale inclusione sociale e lavorativa.\u201d&nbsp;&nbsp;<\/em>conclude&nbsp;<strong>Alfredo Boenzi<\/strong>, Segretario Nazionale Autoscuole UNASCA.<\/p>\n","protected":false},"excerpt":{"rendered":"<p>A Roma prende il via&nbsp;stradAbile, il progetto nazionale di Fondazione Unipolis che favorisce l\u2019inclusione sociale di migranti, rifugiati e richiedenti asilo attraverso l\u2019educazione alla sicurezza stradale e l\u2019accesso equo alla mobilit\u00e0. \u00c8 stato presentato questa mattina presso il Centro Congressi Frentani di Roma&nbsp;stradAbile, il progetto nazionale promosso da Fondazione Unipolis \u2013 la fondazione d\u2019impresa di [&hellip;]<\/p>\n","protected":false},"author":8,"featured_media":10803,"comment_status":"open","ping_status":"open","sticky":false,"template":"","format":"standard","meta":{"_acf_changed":false,"footnotes":""},"categories":[16],"tags":[711],"class_list":["post-10802","post","type-post","status-publish","format-standard","has-post-thumbnail","hentry","category-mobilita","tag-stradabile"],"acf":[],"yoast_head":"<!-- This site is optimized with the Yoast SEO plugin v26.1.1 - https:\/\/yoast.com\/wordpress\/plugins\/seo\/ -->\n<title>L&#039;avvio di stradAbile a Roma - Unipolis<\/title>\n<meta name=\"robots\" content=\"index, follow, max-snippet:-1, max-image-preview:large, max-video-preview:-1\" \/>\n<link rel=\"canonical\" href=\"https:\/\/www.fondazioneunipolis.org\/site\/news\/lavvio-di-stradabile-a-roma\/\" \/>\n<meta property=\"og:locale\" content=\"it_IT\" \/>\n<meta property=\"og:type\" content=\"article\" \/>\n<meta property=\"og:title\" content=\"L&#039;avvio di stradAbile a Roma - Unipolis\" \/>\n<meta property=\"og:description\" content=\"A Roma prende il via&nbsp;stradAbile, il progetto nazionale di Fondazione Unipolis che favorisce l\u2019inclusione sociale di migranti, rifugiati e richiedenti asilo attraverso l\u2019educazione alla sicurezza stradale e l\u2019accesso equo alla mobilit\u00e0. \u00c8 stato presentato questa mattina presso il Centro Congressi Frentani di Roma&nbsp;stradAbile, il progetto nazionale promosso da Fondazione Unipolis \u2013 la fondazione d\u2019impresa di [&hellip;]\" \/>\n<meta property=\"og:url\" content=\"https:\/\/www.fondazioneunipolis.org\/site\/news\/lavvio-di-stradabile-a-roma\/\" \/>\n<meta property=\"og:site_name\" content=\"Unipolis\" \/>\n<meta property=\"article:published_time\" content=\"2025-12-04T13:40:57+00:00\" \/>\n<meta property=\"article:modified_time\" content=\"2026-01-29T17:06:46+00:00\" \/>\n<meta property=\"og:image\" content=\"https:\/\/www.fondazioneunipolis.org\/site\/wp-content\/uploads\/2025\/12\/Roma-2-scaled.jpeg\" \/>\n\t<meta property=\"og:image:width\" content=\"2560\" \/>\n\t<meta property=\"og:image:height\" content=\"1920\" \/>\n\t<meta property=\"og:image:type\" content=\"image\/jpeg\" \/>\n<meta name=\"author\" content=\"francesco.moledda\" \/>\n<meta name=\"twitter:card\" content=\"summary_large_image\" \/>\n<meta name=\"twitter:label1\" content=\"Written by\" \/>\n\t<meta name=\"twitter:data1\" content=\"francesco.moledda\" \/>\n\t<meta name=\"twitter:label2\" content=\"Est. reading time\" \/>\n\t<meta name=\"twitter:data2\" content=\"4 minutes\" \/>\n<script type=\"application\/ld+json\" class=\"yoast-schema-graph\">{\"@context\":\"https:\/\/schema.org\",\"@graph\":[{\"@type\":\"Article\",\"@id\":\"https:\/\/www.fondazioneunipolis.org\/site\/news\/lavvio-di-stradabile-a-roma\/#article\",\"isPartOf\":{\"@id\":\"https:\/\/www.fondazioneunipolis.org\/site\/news\/lavvio-di-stradabile-a-roma\/\"},\"author\":{\"name\":\"francesco.moledda\",\"@id\":\"https:\/\/www.fondazioneunipolis.org\/site\/#\/schema\/person\/d4c6cd1bcb85b8015b0a30789455e15d\"},\"headline\":\"L&#8217;avvio di stradAbile a Roma\",\"datePublished\":\"2025-12-04T13:40:57+00:00\",\"dateModified\":\"2026-01-29T17:06:46+00:00\",\"mainEntityOfPage\":{\"@id\":\"https:\/\/www.fondazioneunipolis.org\/site\/news\/lavvio-di-stradabile-a-roma\/\"},\"wordCount\":698,\"commentCount\":0,\"publisher\":{\"@id\":\"https:\/\/www.fondazioneunipolis.org\/site\/#organization\"},\"image\":{\"@id\":\"https:\/\/www.fondazioneunipolis.org\/site\/news\/lavvio-di-stradabile-a-roma\/#primaryimage\"},\"thumbnailUrl\":\"https:\/\/www.fondazioneunipolis.org\/site\/wp-content\/uploads\/2025\/12\/Roma-2-scaled.jpeg\",\"keywords\":[\"stradabile\"],\"articleSection\":[\"Mobilit\u00e0\"],\"inLanguage\":\"it-IT\",\"potentialAction\":[{\"@type\":\"CommentAction\",\"name\":\"Comment\",\"target\":[\"https:\/\/www.fondazioneunipolis.org\/site\/news\/lavvio-di-stradabile-a-roma\/#respond\"]}]},{\"@type\":\"WebPage\",\"@id\":\"https:\/\/www.fondazioneunipolis.org\/site\/news\/lavvio-di-stradabile-a-roma\/\",\"url\":\"https:\/\/www.fondazioneunipolis.org\/site\/news\/lavvio-di-stradabile-a-roma\/\",\"name\":\"L'avvio di stradAbile a Roma - Unipolis\",\"isPartOf\":{\"@id\":\"https:\/\/www.fondazioneunipolis.org\/site\/#website\"},\"primaryImageOfPage\":{\"@id\":\"https:\/\/www.fondazioneunipolis.org\/site\/news\/lavvio-di-stradabile-a-roma\/#primaryimage\"},\"image\":{\"@id\":\"https:\/\/www.fondazioneunipolis.org\/site\/news\/lavvio-di-stradabile-a-roma\/#primaryimage\"},\"thumbnailUrl\":\"https:\/\/www.fondazioneunipolis.org\/site\/wp-content\/uploads\/2025\/12\/Roma-2-scaled.jpeg\",\"datePublished\":\"2025-12-04T13:40:57+00:00\",\"dateModified\":\"2026-01-29T17:06:46+00:00\",\"breadcrumb\":{\"@id\":\"https:\/\/www.fondazioneunipolis.org\/site\/news\/lavvio-di-stradabile-a-roma\/#breadcrumb\"},\"inLanguage\":\"it-IT\",\"potentialAction\":[{\"@type\":\"ReadAction\",\"target\":[\"https:\/\/www.fondazioneunipolis.org\/site\/news\/lavvio-di-stradabile-a-roma\/\"]}]},{\"@type\":\"ImageObject\",\"inLanguage\":\"it-IT\",\"@id\":\"https:\/\/www.fondazioneunipolis.org\/site\/news\/lavvio-di-stradabile-a-roma\/#primaryimage\",\"url\":\"https:\/\/www.fondazioneunipolis.org\/site\/wp-content\/uploads\/2025\/12\/Roma-2-scaled.jpeg\",\"contentUrl\":\"https:\/\/www.fondazioneunipolis.org\/site\/wp-content\/uploads\/2025\/12\/Roma-2-scaled.jpeg\",\"width\":2560,\"height\":1920},{\"@type\":\"BreadcrumbList\",\"@id\":\"https:\/\/www.fondazioneunipolis.org\/site\/news\/lavvio-di-stradabile-a-roma\/#breadcrumb\",\"itemListElement\":[{\"@type\":\"ListItem\",\"position\":1,\"name\":\"Home\",\"item\":\"https:\/\/www.fondazioneunipolis.org\/site\/\"},{\"@type\":\"ListItem\",\"position\":2,\"name\":\"L&#8217;avvio di stradAbile a Roma\"}]},{\"@type\":\"WebSite\",\"@id\":\"https:\/\/www.fondazioneunipolis.org\/site\/#website\",\"url\":\"https:\/\/www.fondazioneunipolis.org\/site\/\",\"name\":\"Unipolis\",\"description\":\"\",\"publisher\":{\"@id\":\"https:\/\/www.fondazioneunipolis.org\/site\/#organization\"},\"potentialAction\":[{\"@type\":\"SearchAction\",\"target\":{\"@type\":\"EntryPoint\",\"urlTemplate\":\"https:\/\/www.fondazioneunipolis.org\/site\/?s={search_term_string}\"},\"query-input\":{\"@type\":\"PropertyValueSpecification\",\"valueRequired\":true,\"valueName\":\"search_term_string\"}}],\"inLanguage\":\"it-IT\"},{\"@type\":\"Organization\",\"@id\":\"https:\/\/www.fondazioneunipolis.org\/site\/#organization\",\"name\":\"Unipolis\",\"url\":\"https:\/\/www.fondazioneunipolis.org\/site\/\",\"logo\":{\"@type\":\"ImageObject\",\"inLanguage\":\"it-IT\",\"@id\":\"https:\/\/www.fondazioneunipolis.org\/site\/#\/schema\/logo\/image\/\",\"url\":\"https:\/\/www.fondazioneunipolis.org\/site\/wp-content\/uploads\/2025\/07\/logo-fondazione-unipolis-1.svg\",\"contentUrl\":\"https:\/\/www.fondazioneunipolis.org\/site\/wp-content\/uploads\/2025\/07\/logo-fondazione-unipolis-1.svg\",\"caption\":\"Unipolis\"},\"image\":{\"@id\":\"https:\/\/www.fondazioneunipolis.org\/site\/#\/schema\/logo\/image\/\"}},{\"@type\":\"Person\",\"@id\":\"https:\/\/www.fondazioneunipolis.org\/site\/#\/schema\/person\/d4c6cd1bcb85b8015b0a30789455e15d\",\"name\":\"francesco.moledda\",\"image\":{\"@type\":\"ImageObject\",\"inLanguage\":\"it-IT\",\"@id\":\"https:\/\/www.fondazioneunipolis.org\/site\/#\/schema\/person\/image\/\",\"url\":\"https:\/\/secure.gravatar.com\/avatar\/16d29b15e75534641258761bb8c6854ecd3d41cca9fbf67d65addcd3c3f8e993?s=96&d=mm&r=g\",\"contentUrl\":\"https:\/\/secure.gravatar.com\/avatar\/16d29b15e75534641258761bb8c6854ecd3d41cca9fbf67d65addcd3c3f8e993?s=96&d=mm&r=g\",\"caption\":\"francesco.moledda\"},\"url\":\"https:\/\/www.fondazioneunipolis.org\/site\/author\/francesco-moledda\/\"}]}<\/script>\n<!-- \/ Yoast SEO plugin. -->","yoast_head_json":{"title":"L'avvio di stradAbile a Roma - Unipolis","robots":{"index":"index","follow":"follow","max-snippet":"max-snippet:-1","max-image-preview":"max-image-preview:large","max-video-preview":"max-video-preview:-1"},"canonical":"https:\/\/www.fondazioneunipolis.org\/site\/news\/lavvio-di-stradabile-a-roma\/","og_locale":"it_IT","og_type":"article","og_title":"L'avvio di stradAbile a Roma - Unipolis","og_description":"A Roma prende il via&nbsp;stradAbile, il progetto nazionale di Fondazione Unipolis che favorisce l\u2019inclusione sociale di migranti, rifugiati e richiedenti asilo attraverso l\u2019educazione alla sicurezza stradale e l\u2019accesso equo alla mobilit\u00e0. \u00c8 stato presentato questa mattina presso il Centro Congressi Frentani di Roma&nbsp;stradAbile, il progetto nazionale promosso da Fondazione Unipolis \u2013 la fondazione d\u2019impresa di [&hellip;]","og_url":"https:\/\/www.fondazioneunipolis.org\/site\/news\/lavvio-di-stradabile-a-roma\/","og_site_name":"Unipolis","article_published_time":"2025-12-04T13:40:57+00:00","article_modified_time":"2026-01-29T17:06:46+00:00","og_image":[{"width":2560,"height":1920,"url":"https:\/\/www.fondazioneunipolis.org\/site\/wp-content\/uploads\/2025\/12\/Roma-2-scaled.jpeg","type":"image\/jpeg"}],"author":"francesco.moledda","twitter_card":"summary_large_image","twitter_misc":{"Written by":"francesco.moledda","Est. reading time":"4 minutes"},"schema":{"@context":"https:\/\/schema.org","@graph":[{"@type":"Article","@id":"https:\/\/www.fondazioneunipolis.org\/site\/news\/lavvio-di-stradabile-a-roma\/#article","isPartOf":{"@id":"https:\/\/www.fondazioneunipolis.org\/site\/news\/lavvio-di-stradabile-a-roma\/"},"author":{"name":"francesco.moledda","@id":"https:\/\/www.fondazioneunipolis.org\/site\/#\/schema\/person\/d4c6cd1bcb85b8015b0a30789455e15d"},"headline":"L&#8217;avvio di stradAbile a Roma","datePublished":"2025-12-04T13:40:57+00:00","dateModified":"2026-01-29T17:06:46+00:00","mainEntityOfPage":{"@id":"https:\/\/www.fondazioneunipolis.org\/site\/news\/lavvio-di-stradabile-a-roma\/"},"wordCount":698,"commentCount":0,"publisher":{"@id":"https:\/\/www.fondazioneunipolis.org\/site\/#organization"},"image":{"@id":"https:\/\/www.fondazioneunipolis.org\/site\/news\/lavvio-di-stradabile-a-roma\/#primaryimage"},"thumbnailUrl":"https:\/\/www.fondazioneunipolis.org\/site\/wp-content\/uploads\/2025\/12\/Roma-2-scaled.jpeg","keywords":["stradabile"],"articleSection":["Mobilit\u00e0"],"inLanguage":"it-IT","potentialAction":[{"@type":"CommentAction","name":"Comment","target":["https:\/\/www.fondazioneunipolis.org\/site\/news\/lavvio-di-stradabile-a-roma\/#respond"]}]},{"@type":"WebPage","@id":"https:\/\/www.fondazioneunipolis.org\/site\/news\/lavvio-di-stradabile-a-roma\/","url":"https:\/\/www.fondazioneunipolis.org\/site\/news\/lavvio-di-stradabile-a-roma\/","name":"L'avvio di stradAbile a Roma - Unipolis","isPartOf":{"@id":"https:\/\/www.fondazioneunipolis.org\/site\/#website"},"primaryImageOfPage":{"@id":"https:\/\/www.fondazioneunipolis.org\/site\/news\/lavvio-di-stradabile-a-roma\/#primaryimage"},"image":{"@id":"https:\/\/www.fondazioneunipolis.org\/site\/news\/lavvio-di-stradabile-a-roma\/#primaryimage"},"thumbnailUrl":"https:\/\/www.fondazioneunipolis.org\/site\/wp-content\/uploads\/2025\/12\/Roma-2-scaled.jpeg","datePublished":"2025-12-04T13:40:57+00:00","dateModified":"2026-01-29T17:06:46+00:00","breadcrumb":{"@id":"https:\/\/www.fondazioneunipolis.org\/site\/news\/lavvio-di-stradabile-a-roma\/#breadcrumb"},"inLanguage":"it-IT","potentialAction":[{"@type":"ReadAction","target":["https:\/\/www.fondazioneunipolis.org\/site\/news\/lavvio-di-stradabile-a-roma\/"]}]},{"@type":"ImageObject","inLanguage":"it-IT","@id":"https:\/\/www.fondazioneunipolis.org\/site\/news\/lavvio-di-stradabile-a-roma\/#primaryimage","url":"https:\/\/www.fondazioneunipolis.org\/site\/wp-content\/uploads\/2025\/12\/Roma-2-scaled.jpeg","contentUrl":"https:\/\/www.fondazioneunipolis.org\/site\/wp-content\/uploads\/2025\/12\/Roma-2-scaled.jpeg","width":2560,"height":1920},{"@type":"BreadcrumbList","@id":"https:\/\/www.fondazioneunipolis.org\/site\/news\/lavvio-di-stradabile-a-roma\/#breadcrumb","itemListElement":[{"@type":"ListItem","position":1,"name":"Home","item":"https:\/\/www.fondazioneunipolis.org\/site\/"},{"@type":"ListItem","position":2,"name":"L&#8217;avvio di stradAbile a Roma"}]},{"@type":"WebSite","@id":"https:\/\/www.fondazioneunipolis.org\/site\/#website","url":"https:\/\/www.fondazioneunipolis.org\/site\/","name":"Unipolis","description":"","publisher":{"@id":"https:\/\/www.fondazioneunipolis.org\/site\/#organization"},"potentialAction":[{"@type":"SearchAction","target":{"@type":"EntryPoint","urlTemplate":"https:\/\/www.fondazioneunipolis.org\/site\/?s={search_term_string}"},"query-input":{"@type":"PropertyValueSpecification","valueRequired":true,"valueName":"search_term_string"}}],"inLanguage":"it-IT"},{"@type":"Organization","@id":"https:\/\/www.fondazioneunipolis.org\/site\/#organization","name":"Unipolis","url":"https:\/\/www.fondazioneunipolis.org\/site\/","logo":{"@type":"ImageObject","inLanguage":"it-IT","@id":"https:\/\/www.fondazioneunipolis.org\/site\/#\/schema\/logo\/image\/","url":"https:\/\/www.fondazioneunipolis.org\/site\/wp-content\/uploads\/2025\/07\/logo-fondazione-unipolis-1.svg","contentUrl":"https:\/\/www.fondazioneunipolis.org\/site\/wp-content\/uploads\/2025\/07\/logo-fondazione-unipolis-1.svg","caption":"Unipolis"},"image":{"@id":"https:\/\/www.fondazioneunipolis.org\/site\/#\/schema\/logo\/image\/"}},{"@type":"Person","@id":"https:\/\/www.fondazioneunipolis.org\/site\/#\/schema\/person\/d4c6cd1bcb85b8015b0a30789455e15d","name":"francesco.moledda","image":{"@type":"ImageObject","inLanguage":"it-IT","@id":"https:\/\/www.fondazioneunipolis.org\/site\/#\/schema\/person\/image\/","url":"https:\/\/secure.gravatar.com\/avatar\/16d29b15e75534641258761bb8c6854ecd3d41cca9fbf67d65addcd3c3f8e993?s=96&d=mm&r=g","contentUrl":"https:\/\/secure.gravatar.com\/avatar\/16d29b15e75534641258761bb8c6854ecd3d41cca9fbf67d65addcd3c3f8e993?s=96&d=mm&r=g","caption":"francesco.moledda"},"url":"https:\/\/www.fondazioneunipolis.org\/site\/author\/francesco-moledda\/"}]}},"_links":{"self":[{"href":"https:\/\/www.fondazioneunipolis.org\/site\/wp-json\/wp\/v2\/posts\/10802","targetHints":{"allow":["GET"]}}],"collection":[{"href":"https:\/\/www.fondazioneunipolis.org\/site\/wp-json\/wp\/v2\/posts"}],"about":[{"href":"https:\/\/www.fondazioneunipolis.org\/site\/wp-json\/wp\/v2\/types\/post"}],"author":[{"embeddable":true,"href":"https:\/\/www.fondazioneunipolis.org\/site\/wp-json\/wp\/v2\/users\/8"}],"replies":[{"embeddable":true,"href":"https:\/\/www.fondazioneunipolis.org\/site\/wp-json\/wp\/v2\/comments?post=10802"}],"version-history":[{"count":3,"href":"https:\/\/www.fondazioneunipolis.org\/site\/wp-json\/wp\/v2\/posts\/10802\/revisions"}],"predecessor-version":[{"id":11861,"href":"https:\/\/www.fondazioneunipolis.org\/site\/wp-json\/wp\/v2\/posts\/10802\/revisions\/11861"}],"wp:featuredmedia":[{"embeddable":true,"href":"https:\/\/www.fondazioneunipolis.org\/site\/wp-json\/wp\/v2\/media\/10803"}],"wp:attachment":[{"href":"https:\/\/www.fondazioneunipolis.org\/site\/wp-json\/wp\/v2\/media?parent=10802"}],"wp:term":[{"taxonomy":"category","embeddable":true,"href":"https:\/\/www.fondazioneunipolis.org\/site\/wp-json\/wp\/v2\/categories?post=10802"},{"taxonomy":"post_tag","embeddable":true,"href":"https:\/\/www.fondazioneunipolis.org\/site\/wp-json\/wp\/v2\/tags?post=10802"}],"curies":[{"name":"wp","href":"https:\/\/api.w.org\/{rel}","templated":true}]}}